{"id":974,"date":"2012-10-11T20:00:20","date_gmt":"2012-10-11T18:00:20","guid":{"rendered":"http:\/\/saezvigueras.es\/wordpress\/?p=974"},"modified":"2018-06-09T11:30:02","modified_gmt":"2018-06-09T09:30:02","slug":"los-edificios-raros","status":"publish","type":"post","link":"https:\/\/saezvigueras.es\/wordpress\/?p=974","title":{"rendered":"Los edificios \u00abraros\u00bb"},"content":{"rendered":"<p style=\"text-align: center;\"><a href=\"http:\/\/saezvigueras.es\/wordpress\/wp-content\/uploads\/2012\/10\/foa-1.jpg\"><img loading=\"lazy\" decoding=\"async\" class=\"aligncenter size-full wp-image-981\" title=\"foa-1\" src=\"http:\/\/saezvigueras.es\/wordpress\/wp-content\/uploads\/2012\/10\/foa-1.jpg\" alt=\"\" width=\"550\" height=\"235\" \/><\/a><\/p>\n<p style=\"text-align: justify;\"><span style=\"font-family: Verdana;\">Este art\u00edculo viene rond\u00e1ndome por la cabeza desde que un primo m\u00edo, que me hac\u00eda de gu\u00eda, se refiri\u00f3 al Centro Tecnol\u00f3gico de La Rioja como \u201cese edificio raro\u201d. Mi cara de perplejidad no fue entendida por \u00e9l, \u201cest\u00e1 claro \u00bfno? ESE es un edificio raro, muy raro, no se parece a un edificio normal\u201d. \u00bfPero qu\u00e9 se entiende por un edificio normal?<\/span><\/p>\n<p style=\"text-align: justify;\"><span style=\"font-family: Verdana;\">Y con esa disquisici\u00f3n llevo ya un tiempo.<\/span><\/p>\n<p style=\"text-align: justify;\"><span style=\"font-family: Verdana;\">Claro que el primer sin\u00f3nimo que me surge para \u201cnormal\u201d es el de \u201cbanal\u201d, pero esto no es tan simple. Las ciudades siguen construy\u00e9ndose en un 90% con un estereotipo de edificio \u201cbanal\u201d, donde la imagen con la que se representa frente a la ciudad, su \u201cfachada\u201d, es como un tel\u00f3n de fondo de teatro, podr\u00eda ser \u00e9se como podr\u00eda ser cualquier otro, la fachada como ente aut\u00f3nomo, desligada de cualquier idea de proyecto y, por tanto, f\u00e1cilmente asimilable a modas, lo que coloquialmente llamo \u201cfachadismo\u201d.<\/span><\/p>\n<p style=\"text-align: justify;\"><span style=\"font-family: Verdana;\">Este culto a la imagen en s\u00ed misma, habitualmente pretenciosa y desligada del contexto, es el contrapunto necesario que deben ver algunos \u201ccolegas\u201d a unas distribuciones insulsas, previsibles y estancadas en estereotipos (ya caducos).<\/span><\/p>\n<p style=\"text-align: justify;\"><span style=\"font-family: Verdana;\">Pero no es algo exclusivo del ensanche de nuestras ciudades. Tambi\u00e9n se puede observar en muchos concursos p\u00fablicos (incluso en primeros premios, lo cual dice bien poco de los jurados), donde se vuelve una y otra vez al absurdo de formas rocambolescas, absurdas y excesivas, derivadas tal vez del culto inform\u00e1tico por determinados programas de dise\u00f1o y generaci\u00f3n tridimensional, que \u201cadornan\u201d y hacen \u201cbien presentado\u201d propuestas de lo m\u00e1s sosas.<\/span><\/p>\n<p style=\"text-align: justify;\"><span style=\"font-family: Verdana;\">Pero afortunadamente cada vez se observan m\u00e1s buenos ejemplos de lo que algunos todav\u00eda llaman \u201cedificios raros\u201d pero que no dejan de ser propuestas meditadas y complejas de una Arquitectura inteligente, consciente, respetuosa y, sobre todo, muy humana. Dentro de esta \u201cbuena\u201d Arquitectura (con may\u00fasculas, claro) quiero mencionar dos formas de actuar diferenciadas, que no opuestas. Tal y como lo veo son dos estrategias complementarias:<\/span><\/p>\n<p style=\"text-align: justify;\"><span style=\"font-family: Verdana;\">A_ La TOPOGR\u00c1FICA, Arquitectura de bordes urbanos y entornos rurales, donde la cuidada integraci\u00f3n entre naturaleza y tecnolog\u00eda demuestra que podemos ser respetuosos mediante una t\u00e9cnica de camuflaje, donde se diluyen las fronteras entre las disciplinas de la arquitectura, el urbanismo y el paisajismo, dando como resultado un valor a\u00f1adido y muy apreciado por los usuarios de esa nueva experiencia de habitar y trabajar en edificios.<\/span><\/p>\n<p style=\"text-align: justify;\"><span style=\"font-family: Verdana;\">Claro ejemplo era el mencionado Centro Tecnol\u00f3gico de La Rioja, sabio proyecto de los arquitectos Alejandro Zaera-Polo y Farshid Moussavi, donde un complejo programa queda diluido en una obra que acabar\u00e1 con los a\u00f1os mimetiz\u00e1ndose con el entorno, cuando esos tensores de acero se recubran finalmente de enredaderas.<\/span><\/p>\n<p style=\"text-align: center;\"><a href=\"http:\/\/saezvigueras.es\/wordpress\/wp-content\/uploads\/2012\/10\/foa-2.jpg\"><img loading=\"lazy\" decoding=\"async\" class=\"aligncenter size-full wp-image-983\" title=\"foa-2\" src=\"http:\/\/saezvigueras.es\/wordpress\/wp-content\/uploads\/2012\/10\/foa-2.jpg\" alt=\"\" width=\"550\" height=\"414\" \/><\/a><\/p>\n<p style=\"text-align: justify;\"><span style=\"font-family: Verdana;\">B_\tLa OBJETUAL, Arquitectura urbana de simplicidad conceptual y complejidad t\u00e9cnica, donde la aparente ausencia de escala, acerca el mundo de la arquitectura y el del dise\u00f1o. Se tratan de propuestas rotundas que encierran complejas relaciones, una muy estudiada inserci\u00f3n en el entorno urbano que se depura tanto que llega a plasmarse como idea simple. Cualquier referencia al proyectar tradicional es eliminada, el edificio se plantea con una abstracci\u00f3n tal, que bien podr\u00eda decirse que huye de las referencias tradicionales a altura de cornisa, basamento, ventanas\u2026 Esas definiciones trasnochadas se sustituyen con naturalidad por otras del tipo transparencia, livianidad, neutralidad\u2026<\/span><\/p>\n<p style=\"text-align: justify;\"><span style=\"font-family: Verdana;\">Con el sabio empleo de la escala (en su aparente ausencia) el objeto deviene en monumento. De este modo, el edificio se aleja de modas, adquiere calidad urbana y, por tanto, construye ciudad.<\/span><\/p>\n<p style=\"text-align: justify;\"><span style=\"font-family: Verdana;\">Buen ejemplo de este tipo ser\u00eda el Museo de Arte Contempor\u00e1neo de Nueva York, de los arquitectos Kazujo Sejima y Ryue Nishizawa. Este proyecto se asemeja al apilamiento de siete cajas, una sobre la otra, con una naturalidad y ausencia de estridencias que asombra, en lo que no es otra cosa que una estrategia urbana para conciliar una estricta normativa con un complejo programa. La piel es un elemento crucial, otorga una apariencia \u00fanica, sensible y mutable.<\/span><\/p>\n<p style=\"text-align: center;\"><a href=\"http:\/\/saezvigueras.es\/wordpress\/wp-content\/uploads\/2012\/10\/museo-NYC-sanaa.jpg\"><img loading=\"lazy\" decoding=\"async\" class=\"aligncenter size-full wp-image-982\" title=\"foa-2\" src=\"http:\/\/saezvigueras.es\/wordpress\/wp-content\/uploads\/2012\/10\/museo-NYC-sanaa.jpg\" alt=\"\" width=\"550\" height=\"414\" \/><\/a><\/p>\n<p style=\"text-align: justify;\"><span style=\"font-family: Verdana;\">Con los resultados de ambas maneras de proyectar me emociono y, a la vez, me reafirmo en la enorme fortuna y potencial que tenemos los arquitectos como transformadores de la ciudad, aunque en ocasiones nuestras obras no sean m\u00e1s que \u201cedificios raros\u201d.<br \/>\n<\/span><\/p>\n","protected":false},"excerpt":{"rendered":"<p>Este art&iacute;culo viene rond&aacute;ndome por la cabeza desde que un primo m&iacute;o, que me hac&iacute;a de gu&iacute;a, se refiri&oacute; al Centro Tecnol&oacute;gico de La Rioja como &ldquo;ese edificio raro&rdquo;. Mi cara de perplejidad no fue entendida por &eacute;l, &ldquo;est&aacute; claro &iquest;no? ESE es un edificio raro, muy raro, no se parece a un edificio normal&rdquo;. &iquest;Pero qu&eacute; se entiende por&#8230; <a href=\"https:\/\/saezvigueras.es\/wordpress\/?p=974\">Leer m\u00e1s &raquo;<\/a><\/p>\n","protected":false},"author":2,"featured_media":982,"comment_status":"open","ping_status":"closed","sticky":false,"template":"","format":"standard","meta":{"ngg_post_thumbnail":0,"footnotes":""},"categories":[4,8],"tags":[75,36,74],"class_list":["post-974","post","type-post","status-publish","format-standard","has-post-thumbnail","hentry","category-nos-gusta","category-reflexiones","tag-edificios-raros","tag-kazuyo-sejima","tag-zaera-polo"],"_links":{"self":[{"href":"https:\/\/saezvigueras.es\/wordpress\/index.php?rest_route=\/wp\/v2\/posts\/974","targetHints":{"allow":["GET"]}}],"collection":[{"href":"https:\/\/saezvigueras.es\/wordpress\/index.php?rest_route=\/wp\/v2\/posts"}],"about":[{"href":"https:\/\/saezvigueras.es\/wordpress\/index.php?rest_route=\/wp\/v2\/types\/post"}],"author":[{"embeddable":true,"href":"https:\/\/saezvigueras.es\/wordpress\/index.php?rest_route=\/wp\/v2\/users\/2"}],"replies":[{"embeddable":true,"href":"https:\/\/saezvigueras.es\/wordpress\/index.php?rest_route=%2Fwp%2Fv2%2Fcomments&post=974"}],"version-history":[{"count":26,"href":"https:\/\/saezvigueras.es\/wordpress\/index.php?rest_route=\/wp\/v2\/posts\/974\/revisions"}],"predecessor-version":[{"id":1004,"href":"https:\/\/saezvigueras.es\/wordpress\/index.php?rest_route=\/wp\/v2\/posts\/974\/revisions\/1004"}],"wp:featuredmedia":[{"embeddable":true,"href":"https:\/\/saezvigueras.es\/wordpress\/index.php?rest_route=\/wp\/v2\/media\/982"}],"wp:attachment":[{"href":"https:\/\/saezvigueras.es\/wordpress\/index.php?rest_route=%2Fwp%2Fv2%2Fmedia&parent=974"}],"wp:term":[{"taxonomy":"category","embeddable":true,"href":"https:\/\/saezvigueras.es\/wordpress\/index.php?rest_route=%2Fwp%2Fv2%2Fcategories&post=974"},{"taxonomy":"post_tag","embeddable":true,"href":"https:\/\/saezvigueras.es\/wordpress\/index.php?rest_route=%2Fwp%2Fv2%2Ftags&post=974"}],"curies":[{"name":"wp","href":"https:\/\/api.w.org\/{rel}","templated":true}]}}