{"id":727,"date":"2011-07-21T15:02:42","date_gmt":"2011-07-21T13:02:42","guid":{"rendered":"http:\/\/saezvigueras.es\/wordpress\/?p=727"},"modified":"2018-06-09T11:34:17","modified_gmt":"2018-06-09T09:34:17","slug":"luz-y-sombra","status":"publish","type":"post","link":"https:\/\/saezvigueras.es\/wordpress\/?p=727","title":{"rendered":"Luz y sombra."},"content":{"rendered":"<p style=\"text-align: center;\"><a href=\"http:\/\/saezvigueras.es\/wordpress\/wp-content\/uploads\/2011\/07\/baeza.jpg\"><img loading=\"lazy\" decoding=\"async\" class=\"aligncenter size-large wp-image-738\" title=\"baeza\" src=\"http:\/\/saezvigueras.es\/wordpress\/wp-content\/uploads\/2011\/07\/baeza-1024x466.jpg\" alt=\"\" width=\"550\" height=\"250\" srcset=\"https:\/\/saezvigueras.es\/wordpress\/wp-content\/uploads\/2011\/07\/baeza-1024x466.jpg 1024w, https:\/\/saezvigueras.es\/wordpress\/wp-content\/uploads\/2011\/07\/baeza-300x136.jpg 300w, https:\/\/saezvigueras.es\/wordpress\/wp-content\/uploads\/2011\/07\/baeza-400x182.jpg 400w, https:\/\/saezvigueras.es\/wordpress\/wp-content\/uploads\/2011\/07\/baeza.jpg 1085w\" sizes=\"auto, (max-width: 550px) 100vw, 550px\" \/><\/a><\/p>\n<p style=\"text-align: justify;\"><span style=\"font-family: Verdana;\">Alberto Campo Baeza, gran arquitecto, mejor comensal, erudito, orador, docente, escritor, humanista libre pensador y profeta; sin reloj, sin coche, sin m\u00f3vil y sin tele, \u00faltimo mohicano en tierra de forajidos, permita usted que muestre un recorte de un art\u00edculo suyo, a modo de modesto homenaje a su figura:<\/span><\/p>\n<div style=\"padding-left: 20px; padding-right: 20px;\">\n<p style=\"text-align: justify;\"><span style=\"font-family: Verdana;\"><em>\u201cCuando un arquitecto descubre que la luz es el tema central de la arquitectura, es cuando empieza a ser un verdadero arquitecto.<\/em><\/span><\/p>\n<\/div>\n<div style=\"padding-left: 20px; padding-right: 20px;\">\n<p style=\"text-align: justify;\"><span style=\"font-family: Verdana;\"><em><strong>Material lujoso<\/strong>. La luz es el material m\u00e1s hermoso, el m\u00e1s rico y el m\u00e1s lujoso utilizado por los arquitectos. El \u00fanico problema es que se nos da gratuitamente, que est\u00e1 al alcance de todos y que entonces no se valora suficientemente.<\/em><\/span><\/p>\n<\/div>\n<div style=\"padding-left: 20px; padding-right: 20px;\">\n<p style=\"text-align: justify;\"><span style=\"font-family: Verdana;\"><em><strong>Emoci\u00f3n<\/strong>. Y para hacer presente la luz, para hacerla s\u00f3lida, es necesario la sombra. La adecuada combinaci\u00f3n de luz y sombra suele despertar en la arquitectura la capacidad de conmovernos en lo m\u00e1s profundo, suele arrancarnos las l\u00e1grimas y convocar a la belleza y al silencio.<\/em><\/span><\/p>\n<\/div>\n<div style=\"padding-left: 20px; padding-right: 20px;\">\n<p style=\"text-align: justify;\"><span style=\"font-family: Verdana;\"><em><strong>Cantidad de luz<\/strong>. Muchas veces he comparado en mis clases la luz con la sal. Cuando la luz se dosifica con precisi\u00f3n, como la sal, la arquitectura alcanza su mejor punto. M\u00e1s luz de la cuenta deshace, disuelve la tensi\u00f3n de la arquitectura. Y menos la deja sosa, muda.<\/em><\/span><\/p>\n<\/div>\n<div style=\"padding-left: 20px; padding-right: 20px;\">\n<p style=\"text-align: justify;\"><span style=\"font-family: Verdana;\"><em><strong>Cualidad de luz<\/strong>. Y si la cantidad de luz empleada es importante, no lo es menos la calidad. As\u00ed nos lo ha ense\u00f1ado siempre la historia\u2026 En el Pante\u00f3n de Roma, la sabidur\u00eda del arquitecto le lleva a enmarcar la m\u00e1xima cantidad de luz con la m\u00e1xima cantidad de sombra. Y as\u00ed el \u00f3culo luminoso se cerca con la m\u00e1s profunda sombra que hace m\u00e1s luminosa aun si cabe aquella luz divina venida de lo alto.<\/em><\/span><\/p>\n<\/div>\n<div style=\"padding-left: 20px; padding-right: 20px;\">\n<p style=\"text-align: justify;\"><span style=\"font-family: Verdana;\"><em>\u2026 yo no quiero m\u00e1s que reivindicar este valor de la luz como material primero y principal con el que trabajamos los arquitectos. Y que se nos concede gratuitamente cada d\u00eda. Para permanecer en la memoria y en el coraz\u00f3n de la gente. Para hacerles felices con la arquitectura.\u201d<\/em><\/span><\/p>\n<\/div>\n<p style=\"text-align: justify;\"><span style=\"font-family: Verdana;\">Una vez m\u00e1s nos demuestra que es arquitecto de elocuente oratoria\u2026 y orador de elocuente Arquitectura.<\/span><\/p>\n","protected":false},"excerpt":{"rendered":"<p>Alberto Campo Baeza, gran arquitecto, mejor comensal, erudito, orador, docente, escritor, humanista libre pensador y profeta; sin reloj, sin coche, sin m&oacute;vil y sin tele, &uacute;ltimo mohicano en tierra de forajidos, permita usted que muestre un recorte de un art&iacute;culo suyo, a modo de modesto homenaje a su figura: &ldquo;Cuando un arquitecto descubre que la luz es el tema central&#8230; <a href=\"https:\/\/saezvigueras.es\/wordpress\/?p=727\">Leer m\u00e1s &raquo;<\/a><\/p>\n","protected":false},"author":2,"featured_media":738,"comment_status":"open","ping_status":"closed","sticky":false,"template":"","format":"standard","meta":{"ngg_post_thumbnail":0,"footnotes":""},"categories":[4],"tags":[62,63,65,64],"class_list":["post-727","post","type-post","status-publish","format-standard","has-post-thumbnail","hentry","category-nos-gusta","tag-campo-baeza","tag-luz","tag-panteon","tag-sombra"],"_links":{"self":[{"href":"https:\/\/saezvigueras.es\/wordpress\/index.php?rest_route=\/wp\/v2\/posts\/727","targetHints":{"allow":["GET"]}}],"collection":[{"href":"https:\/\/saezvigueras.es\/wordpress\/index.php?rest_route=\/wp\/v2\/posts"}],"about":[{"href":"https:\/\/saezvigueras.es\/wordpress\/index.php?rest_route=\/wp\/v2\/types\/post"}],"author":[{"embeddable":true,"href":"https:\/\/saezvigueras.es\/wordpress\/index.php?rest_route=\/wp\/v2\/users\/2"}],"replies":[{"embeddable":true,"href":"https:\/\/saezvigueras.es\/wordpress\/index.php?rest_route=%2Fwp%2Fv2%2Fcomments&post=727"}],"version-history":[{"count":17,"href":"https:\/\/saezvigueras.es\/wordpress\/index.php?rest_route=\/wp\/v2\/posts\/727\/revisions"}],"predecessor-version":[{"id":746,"href":"https:\/\/saezvigueras.es\/wordpress\/index.php?rest_route=\/wp\/v2\/posts\/727\/revisions\/746"}],"wp:featuredmedia":[{"embeddable":true,"href":"https:\/\/saezvigueras.es\/wordpress\/index.php?rest_route=\/wp\/v2\/media\/738"}],"wp:attachment":[{"href":"https:\/\/saezvigueras.es\/wordpress\/index.php?rest_route=%2Fwp%2Fv2%2Fmedia&parent=727"}],"wp:term":[{"taxonomy":"category","embeddable":true,"href":"https:\/\/saezvigueras.es\/wordpress\/index.php?rest_route=%2Fwp%2Fv2%2Fcategories&post=727"},{"taxonomy":"post_tag","embeddable":true,"href":"https:\/\/saezvigueras.es\/wordpress\/index.php?rest_route=%2Fwp%2Fv2%2Ftags&post=727"}],"curies":[{"name":"wp","href":"https:\/\/api.w.org\/{rel}","templated":true}]}}