{"id":644,"date":"2011-06-22T13:53:29","date_gmt":"2011-06-22T11:53:29","guid":{"rendered":"http:\/\/saezvigueras.es\/wordpress\/?p=644"},"modified":"2018-06-09T11:33:39","modified_gmt":"2018-06-09T09:33:39","slug":"los-bocetos-de-lalcudia","status":"publish","type":"post","link":"https:\/\/saezvigueras.es\/wordpress\/?p=644","title":{"rendered":"Los bocetos de l&#8217;Alcudia"},"content":{"rendered":"<p style=\"text-align: center;\"><a href=\"http:\/\/saezvigueras.es\/wordpress\/wp-content\/uploads\/2011\/06\/alcudia-sota12-e1308764353155.jpg\"><img loading=\"lazy\" decoding=\"async\" class=\"size-full wp-image-659 aligncenter\" title=\"alcudia sota1\" src=\"http:\/\/saezvigueras.es\/wordpress\/wp-content\/uploads\/2011\/06\/alcudia-sota12-e1308764353155.jpg\" alt=\"\" width=\"447\" height=\"262\" srcset=\"https:\/\/saezvigueras.es\/wordpress\/wp-content\/uploads\/2011\/06\/alcudia-sota12-e1308764353155.jpg 447w, https:\/\/saezvigueras.es\/wordpress\/wp-content\/uploads\/2011\/06\/alcudia-sota12-e1308764353155-300x175.jpg 300w\" sizes=\"auto, (max-width: 447px) 100vw, 447px\" \/><\/a><\/p>\n<p style=\"text-align: justify;\"><span style=\"font-family: Verdana;\"><br \/>\nAl hilo del escrito Dec\u00e1logo, quiero participaros en la contemplaci\u00f3n de los dibujos realizados por el maestro Alejandro de la Sota en 1984 para un proyecto no construido de viviendas en L\u2019Alcudia, Mallorca. Constituyen un intenso ejercicio de imaginaci\u00f3n donde lo que prevalece es la devoci\u00f3n por la vida en s\u00ed misma, por su disfrute, con el sabio convencimiento que la arquitectura no debe ser la protagonista sino un tel\u00f3n de fondo que posibilite y potencie una vida mejor.<\/span><\/p>\n<p style=\"text-align: center;\"><a href=\"http:\/\/saezvigueras.es\/wordpress\/wp-content\/uploads\/2011\/06\/alcudia-sota54.jpg\"><img loading=\"lazy\" decoding=\"async\" class=\"size-medium wp-image-658 aligncenter\" src=\"http:\/\/saezvigueras.es\/wordpress\/wp-content\/uploads\/2011\/06\/alcudia-sota54-300x259.jpg\" alt=\"\" width=\"425\" height=\"366\" \/><\/a><\/p>\n<p style=\"text-align: justify;\"><span style=\"font-family: Verdana;\">La memoria del proyecto dice textualmente:<\/span><\/p>\n<div style=\"padding-left: 20px; padding-right: 20px;\">\n<p style=\"text-align: justify;\"><span style=\"font-family: Verdana;\"><em>\u201cVer el mar desde todas las casas: tener vida \u00edntima en todas ellas. Se pens\u00f3 en una casa abierta, convirtiendo la parcela, el jard\u00edn, en aut\u00e9ntica casa, debajo de buganvillas y enredaderas\u2026 sobre ellas el mirador sol\u00e1rium.\u201d<\/em><\/span><\/p>\n<\/div>\n<p style=\"text-align: justify;\"><span style=\"font-family: Verdana;\">Como condimento a la degustaci\u00f3n de estos croquis, no hay mejor texto que el escrito por Juan Navarro Baldeweg en \u201cAlejandro de la Sota: construir, habitar\u201d:<\/span><\/p>\n<div style=\"padding-left: 20px; padding-right: 20px;\">\n<p style=\"text-align: justify;\"><span style=\"font-family: Verdana;\"><em>\u201cLo que queda as\u00ed captado es un modo de vivir. Los dibujos adquieren el aire y el alcance de una utop\u00eda, en la que los personajes componen un delicioso retrato de vida mundana: contemplaci\u00f3n y ligereza estival. Junto al coche deportivo, dos figuras charlan en la cancela mientras que, en la l\u00ednea del horizonte, un barco sugiere que la escena tiene lugar en una isla. La rutina diaria se desarrolla sobre un fondo dif\u00edcilmente constrictivo, en el clima dulce del litoral mediterr\u00e1neo. Su car\u00e1cter libre, sin insistencias ni obstrucciones y su transparencia se refuerzan en el juego de continuidades, oposiciones, reflejos y simetr\u00edas del proyecto, y en la disposici\u00f3n de sus elementos constructivos.<br \/>\nEn los dibujos de Alcudia se aprecia la elusiva magia de la obra de Alejandro de la Sota. Todo es transparente y expl\u00edcito y, sin embargo, la arquitectura se retira, se oculta, se vuelve casi opaca. Estos dibujos ilustran admirablemente lo que hubiera sido este conjunto de viviendas de haberse construido, y reflejan la idea de una arquitectura que, en actitud desprendida y austera, es capaz de negarse a s\u00ed misma.\u201d<\/em><\/span><\/p>\n<\/div>\n<p style=\"text-align: center;\"><a href=\"http:\/\/saezvigueras.es\/wordpress\/wp-content\/uploads\/2011\/06\/alcudia-sota33.jpg\"><img loading=\"lazy\" decoding=\"async\" class=\"size-medium wp-image-657 aligncenter\" src=\"http:\/\/saezvigueras.es\/wordpress\/wp-content\/uploads\/2011\/06\/alcudia-sota33-300x138.jpg\" alt=\"\" width=\"430\" height=\"197\" srcset=\"https:\/\/saezvigueras.es\/wordpress\/wp-content\/uploads\/2011\/06\/alcudia-sota33-300x138.jpg 300w, https:\/\/saezvigueras.es\/wordpress\/wp-content\/uploads\/2011\/06\/alcudia-sota33-1024x472.jpg 1024w, https:\/\/saezvigueras.es\/wordpress\/wp-content\/uploads\/2011\/06\/alcudia-sota33-400x184.jpg 400w\" sizes=\"auto, (max-width: 430px) 100vw, 430px\" \/><\/a><\/p>\n<p style=\"text-align: justify;\"><span style=\"font-family: Verdana;\">Viendo estos croquis, sentimos en la piel la vida ociosa, la proximidad del mar y el lento paso del d\u00eda. Aqu\u00ed encontramos el Dec\u00e1logo mencionado: lo cotidiano, la luz, la naturaleza, la brisa, el refugio&#8230; \u00a1Pero qu\u00e9 emocionante sigue siendo proyectar el lugar d\u00f3nde vivimos!<\/span><\/p>\n","protected":false},"excerpt":{"rendered":"<p>Al hilo del escrito Dec&aacute;logo, quiero participaros en la contemplaci&oacute;n de los dibujos realizados por el maestro Alejandro de la Sota en 1984 para un proyecto no construido de viviendas en L&rsquo;Alcudia, Mallorca. Constituyen un intenso ejercicio de imaginaci&oacute;n donde lo que prevalece es la devoci&oacute;n por la vida en s&iacute; misma, por su disfrute, con el sabio convencimiento que&#8230; <a href=\"https:\/\/saezvigueras.es\/wordpress\/?p=644\">Leer m\u00e1s &raquo;<\/a><\/p>\n","protected":false},"author":2,"featured_media":658,"comment_status":"open","ping_status":"closed","sticky":false,"template":"","format":"standard","meta":{"ngg_post_thumbnail":0,"footnotes":""},"categories":[8],"tags":[30,57,58],"class_list":["post-644","post","type-post","status-publish","format-standard","has-post-thumbnail","hentry","category-reflexiones","tag-de-la-sota","tag-lalcuda","tag-navarro-baldeweg"],"_links":{"self":[{"href":"https:\/\/saezvigueras.es\/wordpress\/index.php?rest_route=\/wp\/v2\/posts\/644","targetHints":{"allow":["GET"]}}],"collection":[{"href":"https:\/\/saezvigueras.es\/wordpress\/index.php?rest_route=\/wp\/v2\/posts"}],"about":[{"href":"https:\/\/saezvigueras.es\/wordpress\/index.php?rest_route=\/wp\/v2\/types\/post"}],"author":[{"embeddable":true,"href":"https:\/\/saezvigueras.es\/wordpress\/index.php?rest_route=\/wp\/v2\/users\/2"}],"replies":[{"embeddable":true,"href":"https:\/\/saezvigueras.es\/wordpress\/index.php?rest_route=%2Fwp%2Fv2%2Fcomments&post=644"}],"version-history":[{"count":30,"href":"https:\/\/saezvigueras.es\/wordpress\/index.php?rest_route=\/wp\/v2\/posts\/644\/revisions"}],"predecessor-version":[{"id":650,"href":"https:\/\/saezvigueras.es\/wordpress\/index.php?rest_route=\/wp\/v2\/posts\/644\/revisions\/650"}],"wp:featuredmedia":[{"embeddable":true,"href":"https:\/\/saezvigueras.es\/wordpress\/index.php?rest_route=\/wp\/v2\/media\/658"}],"wp:attachment":[{"href":"https:\/\/saezvigueras.es\/wordpress\/index.php?rest_route=%2Fwp%2Fv2%2Fmedia&parent=644"}],"wp:term":[{"taxonomy":"category","embeddable":true,"href":"https:\/\/saezvigueras.es\/wordpress\/index.php?rest_route=%2Fwp%2Fv2%2Fcategories&post=644"},{"taxonomy":"post_tag","embeddable":true,"href":"https:\/\/saezvigueras.es\/wordpress\/index.php?rest_route=%2Fwp%2Fv2%2Ftags&post=644"}],"curies":[{"name":"wp","href":"https:\/\/api.w.org\/{rel}","templated":true}]}}