{"id":566,"date":"2011-05-27T16:29:26","date_gmt":"2011-05-27T14:29:26","guid":{"rendered":"http:\/\/saezvigueras.es\/wordpress\/?p=566"},"modified":"2018-06-09T11:38:18","modified_gmt":"2018-06-09T09:38:18","slug":"decalogo","status":"publish","type":"post","link":"https:\/\/saezvigueras.es\/wordpress\/?p=566","title":{"rendered":"Dec\u00e1logo."},"content":{"rendered":"<p style=\"text-align: justify;\"><a href=\"http:\/\/saezvigueras.es\/wordpress\/wp-content\/uploads\/2011\/05\/interior-01.jpg\"><img loading=\"lazy\" decoding=\"async\" class=\"aligncenter size-full wp-image-586\" title=\"interior 01\" src=\"http:\/\/saezvigueras.es\/wordpress\/wp-content\/uploads\/2011\/05\/interior-01.jpg\" alt=\"\" width=\"504\" height=\"289\" srcset=\"https:\/\/saezvigueras.es\/wordpress\/wp-content\/uploads\/2011\/05\/interior-01.jpg 800w, https:\/\/saezvigueras.es\/wordpress\/wp-content\/uploads\/2011\/05\/interior-01-300x172.jpg 300w, https:\/\/saezvigueras.es\/wordpress\/wp-content\/uploads\/2011\/05\/interior-01-400x229.jpg 400w\" sizes=\"auto, (max-width: 504px) 100vw, 504px\" \/><\/a><br \/>\n<strong>DEC\u00c1LOGO DE DESEOS SOBRE EL FUTURO DE LA VIVIENDA.<\/strong><br \/>\n<strong><\/strong><\/p>\n<p style=\"text-align: justify;\"><strong>1_\tCOTIDIANO<\/strong><br \/>\nLa casa contempor\u00e1nea precisa una mirada positiva hacia lo cotidiano. Nada de lo que pase en el \u00e1mbito dom\u00e9stico es ya banal, mejor dicho, cada instante dom\u00e9stico debe poder transformarse en una experiencia est\u00e9tica. A veces la casa se parecer\u00e1 a un museo, un fondo neutro donde los recuerdos y algunos muebles puedan ser \u201cexpuestos\u201d por sus habitantes tras una minuciosa selecci\u00f3n. Poco pero intenso, podr\u00eda ser el lema.<br \/>\n<strong><\/strong><\/p>\n<p style=\"text-align: justify;\"><strong>2_\tPATIO<\/strong><br \/>\nLa casa de mis abuelos ten\u00eda un bello patio con una higuera que daba sombra y un estanque con el que nos refresc\u00e1bamos. Toda casa deber\u00eda recuperar de la tradici\u00f3n este espacio que permite la vivencia exterior, bien sea a modo de patio, jard\u00edn, terraza o peque\u00f1o balc\u00f3n, pero su b\u00fasqueda bien merece la pena. Integrar el espacio exterior como una estancia m\u00e1s. Difuminar l\u00edmites dentro\u2013fuera.<br \/>\n<strong><\/strong><\/p>\n<p style=\"text-align: justify;\"><strong>3_\tILUMINACI\u00d3N<\/strong><br \/>\nRecuperar el placer de sombras y contraluces. El fuerte y aplastante sol mediterr\u00e1neo domesticado mediante celos\u00edas, parasoles y velos. Dentro o fuera no ser\u00e1 nunca m\u00e1s un concepto definido por una pared, ni tan siquiera por un vidrio, sino m\u00e1s bien por una l\u00ednea intensa marcada por la luz en el suelo. A veces, esta transici\u00f3n se difuminar\u00e1 con toldos, emparrados y ramas en movimiento\u2026<br \/>\n<strong><\/strong><\/p>\n<p style=\"text-align: justify;\"><strong>4_\tNATURALEZA<\/strong><br \/>\nYa hemos tomado conciencia de la calidad que aporta el convivir en armon\u00eda con la naturaleza. Plantas y \u00e1rboles nos ense\u00f1an otro ritmo de vida, m\u00e1s lento, m\u00e1s contemplativo. La vegetaci\u00f3n es, por estar viva y aparentemente fr\u00e1gil, lo contrario a la arquitectura y, por tanto, su complemento necesario. En este sentido, incluso los edificios incorporar\u00e1n retales de esa naturaleza artificial en su programa y en su fachada.<br \/>\n<strong><\/strong><\/p>\n<p style=\"text-align: justify;\"><strong>5_\tBRISA<\/strong><br \/>\nPreferimos sentir el movimiento suave de la brisa frente a cualquier clima generado artificialmente. Esa ventilaci\u00f3n cruzada que plasma la sabidur\u00eda popular en una arquitectura moderna pragm\u00e1tica, sin dogmas, en continuidad. \u201cConstruir con aire\u201d como dir\u00eda Alejandro de la Sota: \u201cla arquitectura es el aire que respiramos, pero un aire cargado de olores, de sabidur\u00eda, un aire transformado por la Arquitectura\u201d.<br \/>\n<strong><\/strong><\/p>\n<p style=\"text-align: justify;\"><strong>6_\tCUBIERTA<\/strong><br \/>\nQu\u00e9 bonita experiencia poder contemplar un atardecer desde una plataforma elevada. La ense\u00f1anza de La Unit\u00e9 de Marsella sigue v\u00e1lida sesenta a\u00f1os despu\u00e9s. La cubierta es la oportunidad de recuperar el terreno que se ocupa, de devolver a la tierra lo que es de ella, de integrar el edificio en su entorno. Nunca m\u00e1s una fachada olvidada, sino un lugar para la relaci\u00f3n social y para la contemplaci\u00f3n.<br \/>\n<strong><\/strong><\/p>\n<p style=\"text-align: justify;\"><strong>7_\tMULTIMEDIA<\/strong><br \/>\nEl centro urbano como lugar f\u00edsico pierde importancia con las nuevas tecnolog\u00edas. El desplazamiento deja de ser relevante frente a la posibilidad de conexi\u00f3n desde cualquier lugar y en cualquier momento. Los media: internet, tel\u00e9fono, televisi\u00f3n\u2026 forman parte ineludible de nuestra vida moderna. Debe ser f\u00e1cil la comunicaci\u00f3n entre el micro-mundo dom\u00e9stico y el macro-mundo y sus redes.<br \/>\n<strong><\/strong><\/p>\n<p style=\"text-align: justify;\"><strong>8_\tTECNICA<\/strong><br \/>\nVivimos la tecnificaci\u00f3n de la casa. Nuevas redes recorren techos, suelos y paredes, mediante configuraciones extensas y homog\u00e9neas que, a modo de tent\u00e1culos o nervios, conectan lo dom\u00e9stico con el mundo. La t\u00e9cnica permitir\u00e1 proyectar las casas como un espacio libre y abierto apoyado con un equipamiento especializado. T\u00e9cnica con un doble objetivo: la eliminaci\u00f3n del sufrimiento en las tareas dom\u00e9sticas as\u00ed como en los procesos de construcci\u00f3n.<br \/>\n<strong><\/strong><\/p>\n<p style=\"text-align: justify;\"><strong>9_\tREFUGIO<\/strong><br \/>\nA la vez, es indispensable tener la posibilidad del aislamiento, tanto f\u00edsico como frente al exceso de informaci\u00f3n. Precisamos confiar en la casa como refugio que nos protege y recarga. Se trata de un espacio di\u00e1fano, homog\u00e9neo y multicapa; pero donde sigue siendo preciso un \u00faltimo reducto para el descanso nocturno. A modo de divisi\u00f3n permanente o temporal, de mueble abatible o de mera cortina, pero deseamos disponer de ese rinc\u00f3n para la intimidad.<br \/>\nDir\u00eda m\u00e1s, es la \u00fanica funci\u00f3n que precisa de un aislamiento. La cocina se diluy\u00f3 como un mueble m\u00e1s dentro del multiespacio antes denominado sal\u00f3n; el estudio se convirti\u00f3 en un port\u00e1til en cualquier lugar; la higiene personal se disgreg\u00f3 a modo de spa sacando ba\u00f1era, ducha y lavabo fuera del recinto cerrado; la cabina del inodoro se redujo hasta parecer un armario; el vest\u00edbulo se descart\u00f3 por ser innecesario y \u201ctan del siglo XX\u201d; \u00bfqu\u00e9 nos queda? Dormir.<br \/>\n<strong><\/strong><\/p>\n<p style=\"text-align: justify;\"><strong>1O_\tCIUDAD<\/strong><br \/>\nPor \u00faltimo, la ciudad representa el esp\u00edritu de nuestra \u00e9poca y su caracter\u00edstica principal es la p\u00e9rdida de los l\u00edmites. Flujos que atraviesan la ciudad, la conectan y la diluyen, transformando la ciudad en un h\u00edbrido entre lo rural y lo urbano. Amplias zonas verdes deben penetrar en la ciudad contempor\u00e1nea. Una nueva conciencia ciudadana aspira a la sostenibilidad a trav\u00e9s de la creaci\u00f3n de paisajes artificiales que emulan a aquellos naturales.<\/p>\n<p style=\"text-align: justify;\">\u2026deseos que procuran convertirse en realidad con cada nuevo proyecto que llega.<\/p>\n","protected":false},"excerpt":{"rendered":"<p>DEC&Aacute;LOGO DE DESEOS SOBRE EL FUTURO DE LA VIVIENDA. 1_ COTIDIANO La casa contempor&aacute;nea precisa una mirada positiva hacia lo cotidiano. Nada de lo que pase en el &aacute;mbito dom&eacute;stico es ya banal, mejor dicho, cada instante dom&eacute;stico debe poder transformarse en una experiencia est&eacute;tica. A veces la casa se parecer&aacute; a un museo, un fondo neutro donde los recuerdos&#8230; <a href=\"https:\/\/saezvigueras.es\/wordpress\/?p=566\">Leer m\u00e1s &raquo;<\/a><\/p>\n","protected":false},"author":2,"featured_media":586,"comment_status":"open","ping_status":"closed","sticky":false,"template":"","format":"standard","meta":{"ngg_post_thumbnail":0,"footnotes":""},"categories":[8],"tags":[48,30,38],"class_list":["post-566","post","type-post","status-publish","format-standard","has-post-thumbnail","hentry","category-reflexiones","tag-casa-contemporanea","tag-de-la-sota","tag-unite"],"_links":{"self":[{"href":"https:\/\/saezvigueras.es\/wordpress\/index.php?rest_route=\/wp\/v2\/posts\/566","targetHints":{"allow":["GET"]}}],"collection":[{"href":"https:\/\/saezvigueras.es\/wordpress\/index.php?rest_route=\/wp\/v2\/posts"}],"about":[{"href":"https:\/\/saezvigueras.es\/wordpress\/index.php?rest_route=\/wp\/v2\/types\/post"}],"author":[{"embeddable":true,"href":"https:\/\/saezvigueras.es\/wordpress\/index.php?rest_route=\/wp\/v2\/users\/2"}],"replies":[{"embeddable":true,"href":"https:\/\/saezvigueras.es\/wordpress\/index.php?rest_route=%2Fwp%2Fv2%2Fcomments&post=566"}],"version-history":[{"count":15,"href":"https:\/\/saezvigueras.es\/wordpress\/index.php?rest_route=\/wp\/v2\/posts\/566\/revisions"}],"predecessor-version":[{"id":1442,"href":"https:\/\/saezvigueras.es\/wordpress\/index.php?rest_route=\/wp\/v2\/posts\/566\/revisions\/1442"}],"wp:featuredmedia":[{"embeddable":true,"href":"https:\/\/saezvigueras.es\/wordpress\/index.php?rest_route=\/wp\/v2\/media\/586"}],"wp:attachment":[{"href":"https:\/\/saezvigueras.es\/wordpress\/index.php?rest_route=%2Fwp%2Fv2%2Fmedia&parent=566"}],"wp:term":[{"taxonomy":"category","embeddable":true,"href":"https:\/\/saezvigueras.es\/wordpress\/index.php?rest_route=%2Fwp%2Fv2%2Fcategories&post=566"},{"taxonomy":"post_tag","embeddable":true,"href":"https:\/\/saezvigueras.es\/wordpress\/index.php?rest_route=%2Fwp%2Fv2%2Ftags&post=566"}],"curies":[{"name":"wp","href":"https:\/\/api.w.org\/{rel}","templated":true}]}}