{"id":167,"date":"2010-12-02T00:39:57","date_gmt":"2010-12-01T22:39:57","guid":{"rendered":"http:\/\/saezvigueras.es\/wordpress\/?p=167"},"modified":"2011-05-17T11:40:53","modified_gmt":"2011-05-17T09:40:53","slug":"desembarcar-en-la-unite","status":"publish","type":"post","link":"https:\/\/saezvigueras.es\/wordpress\/?p=167","title":{"rendered":"Desembarcar en La Unit\u00e9"},"content":{"rendered":"<p>Al desembarcar en la terminal de cruceros de Marsella no ten\u00eda la intenci\u00f3n de visitar La Unit\u00e9. Viajaba con mi familia y unos amigos y la escala era s\u00f3lo de unas pocas horas, por lo que no era cuesti\u00f3n de ponerse pesado. Hay que decir que, en la escuela de arquitectura, los de mi generaci\u00f3n nos hab\u00edamos dejado seducir mucho m\u00e1s por la serena elegancia de Mies que por la agitada efervescencia de Le Corbu, con lo que no sent\u00eda una especial necesidad de visitar el edificio.<\/p>\n<p>Sin embargo un inesperado desasosiego se fue apoderando de mi voluntad, y no hab\u00eda transcurrido ni una hora cuando ya estaba buscando en el mapa la mejor ruta para llegar al 280 del boulevard Michelet. No me cost\u00f3 demasiado convencer a mis acompa\u00f1antes pues se trataba -les dije con impostada autoridad-, de visitar uno de los iconos del movimiento moderno,\u00a0as\u00ed que\u00a0una vez en marcha, la ansiedad empez\u00f3 a invadirme a medida que el bus de la l\u00ednea 22 de la RTM se acercaba a la parada \u201cLe Corbusier\u201d.<\/p>\n<p style=\"text-align: center;\"><a href=\"http:\/\/saezvigueras.es\/wordpress\/wp-content\/uploads\/2010\/11\/IMG_00681.jpg\"><img loading=\"lazy\" decoding=\"async\" class=\"aligncenter size-medium wp-image-225\" title=\"IMG_0068\" src=\"http:\/\/saezvigueras.es\/wordpress\/wp-content\/uploads\/2010\/11\/IMG_00681-300x157.jpg\" alt=\"\" width=\"500\" height=\"261\" \/><\/a><\/p>\n<p style=\"text-align: left;\">All\u00ed estaba&#8230;, \u201cLa Cit\u00e9 Radieuse\u201d se alzaba retranqueada de la alineaci\u00f3n urbana, rodeada de un vasto jard\u00edn desde el que, por encima del verde oleaje de las copas de los \u00e1rboles, emerg\u00eda el hormig\u00f3n de las chimeneas de cubierta. El edificio se mostraba, pese a las huellas del paso de los a\u00f1os -o quiz\u00e1s gracias a ellas-, rabiosamente moderno, y al igual que me pas\u00f3 al visitar la Ville Savoie veinte a\u00f1os atr\u00e1s, sent\u00ed un v\u00e9rtigo al situar esta arquitectura en el a\u00f1o de su inauguraci\u00f3n, 1952. Hemos vistos cientos de fotograf\u00edas, leido multitud de publicaciones, hemos llegado incluso a dibujar las obras de los maestros, pero uno no llega a comprender realmente la convulsi\u00f3n que se produjo en el primer tercio del s. XX, \u00a0hasta que no se envuelve en la intensa emoci\u00f3n de la experiencia espacial.<\/p>\n<p>Ante la mirada de incredulidad de mis acompa\u00f1antes, que obviamente se esperaban otra cosa, me sent\u00ed obligado a dar unas vagas explicaciones sobre la investigaci\u00f3n que a lo largo de su vida desarroll\u00f3 Le Corbusier en el tema de la vivienda m\u00ednima, sus teor\u00edas sobre la socializaci\u00f3n y la ciudad, sobre la m\u00e1quina de habitar y el modulor, y por la obsesi\u00f3n con los paquebotes cuyo ejemplo m\u00e1s claro pod\u00edan ver en este momento.<\/p>\n<p style=\"text-align: center;\"><a href=\"http:\/\/saezvigueras.es\/wordpress\/wp-content\/uploads\/2010\/11\/seccion.jpg\"><img loading=\"lazy\" decoding=\"async\" class=\"aligncenter size-medium wp-image-228\" title=\"seccion\" src=\"http:\/\/saezvigueras.es\/wordpress\/wp-content\/uploads\/2010\/11\/seccion-300x111.jpg\" alt=\"\" width=\"500\" height=\"185\" \/><\/a><\/p>\n<p>Entramos al vest\u00edbulo y comprob\u00e9 como el brutalismo de los 50, expresado en la sincera crudeza del hormig\u00f3n visto, rivalizaba sin complejos con el actual y amanerado minimalismo de los lujosos hoteles y restaurantes de nuestras ciudades. En la visita a la cubierta,\u00a0 me reconfort\u00e9 al ver como los ni\u00f1os segu\u00edan ba\u00f1\u00e1ndose en la vieja piscina mientras que sus padres tomaban el sol. Paseamos por la calle de la planta 3, donde muchas de las tiendas estaban cerradas, lo que no imped\u00eda percibr lo acertado de la decisi\u00f3n tomada. Reconciliado con el maestro me sent\u00e9 en un banco para poder abstraerme y disfrutar por unos momentos, y al ver a mis hijos jugar y corretear libremente por la planta comprend\u00ed como su genialidad se hab\u00eda anticipado m\u00e1s de 50 a\u00f1os al modelo residencial tan demandado hoy en d\u00eda: edifcaci\u00f3n abierta rodeada de zonas verdes, \u00e1reas l\u00fadicas para la comunidad, piscina, gimnasio, juegos para ni\u00f1os, organizaci\u00f3n de la vivienda bajo premisas de m\u00e1xima funcionalidad; La Unit\u00e9 ya ten\u00eda en 1952 todo \u00e9sto y mucho m\u00e1s (tiendas, cimeclub, guarder\u00eda, pista de atletismo&#8230;).<\/p>\n<p>Al salir del edificio uno de mis amigos me interpel\u00f3: \u201cOye, pues ten\u00edas raz\u00f3n, este edificio es como el barco en el que hemos llegado&#8230;\u201d,\u00a0a lo que\u00a0no tuve m\u00e1s remedio que responder: \u201cNo, que va, es mucho mejor.\u201d?<\/p>\n\n\t\n\t\t<div class=\"gallery_clear\"><\/div> \n\t\t<div id=\"gallery_167_1\" class=\"photospace\"> \n\t\n\t\t\t<!-- Start Advanced Gallery Html Containers -->\n\t\t\t<div class=\"thumbs_wrap2\">\n\t\t\t\t<div class=\"thumbs_wrap\">\n\t\t\t\t\t<div id=\"thumbs_167_1\" class=\"thumnail_col \" >\n\t\t\t\t\t\t \n\t\t\t\t\t\t<ul class=\"thumbs noscript\">\t\t\t\t\n\t\t\t\t\t\t\n\t\t\t\t\t\t\t\t\t<li><a class=\"thumb\" href=\"https:\/\/saezvigueras.es\/wordpress\/wp-content\/uploads\/2010\/11\/900x960_2049_2374-387x250.jpg\" title=\"Le Corbusier y Picasso junto a los pilares de La Unit\u00e9 (1950)\" >\t\t\t\t\t\t\t\t\n\t\t\t\t\t\t\t\t\t\t\t<img decoding=\"async\" src=\"https:\/\/saezvigueras.es\/wordpress\/wp-content\/uploads\/2010\/11\/900x960_2049_2374-45x45.jpg\" alt=\"\" title=\"Le Corbusier y Picasso junto a los pilares de La Unit\u00e9 (1950)\" \/>\n\t\t\t\t\t\t\t\t\t\t<\/a>\n\t\t\t\t\t\t\t\t\t\t\n\t\t\t\t\t\t\t\t\t\t<div class=\"caption\">\n\t\t\t\t\t\t\t\t\t\t\t\n\t\t\t\t\t\t\t\t\t\t\t\t\t\t<div class=\"image-caption\">Le Corbusier acompa\u00f1ado de Picasso junto a los pilares de La Unit\u00e9 (1950)<\/div>\n\t\t\t\t\t\t\t\t\t\t\t\t\t\n\t\t\t\t\t\t\t\t\t\t<\/div>\n\t\t\t\t\t\t\t\t\t\t\n\t\t\t\t\t\t\t\t\t<\/li>\n\t\t\t\t\t\t\t\t\n\t\t\t\t\t\t\t\t\t<li><a class=\"thumb\" href=\"https:\/\/saezvigueras.es\/wordpress\/wp-content\/uploads\/2010\/11\/IMG_2212-2-374x250.jpg\" title=\"Hoy sigue siendo un espacio sugerente.\" >\t\t\t\t\t\t\t\t\n\t\t\t\t\t\t\t\t\t\t\t<img decoding=\"async\" src=\"https:\/\/saezvigueras.es\/wordpress\/wp-content\/uploads\/2010\/11\/IMG_2212-2-45x45.jpg\" alt=\"\" title=\"Hoy sigue siendo un espacio sugerente.\" \/>\n\t\t\t\t\t\t\t\t\t\t<\/a>\n\t\t\t\t\t\t\t\t\t\t\n\t\t\t\t\t\t\t\t\t\t<div class=\"caption\">\n\t\t\t\t\t\t\t\t\t\t\t\n\t\t\t\t\t\t\t\t\t\t\t\t\t\t<div class=\"image-caption\">Hoy sigue siendo un espacio sugerente.<\/div>\n\t\t\t\t\t\t\t\t\t\t\t\t\t\n\t\t\t\t\t\t\t\t\t\t<\/div>\n\t\t\t\t\t\t\t\t\t\t\n\t\t\t\t\t\t\t\t\t<\/li>\n\t\t\t\t\t\t\t\t\n\t\t\t\t\t\t\t\t\t<li><a class=\"thumb\" href=\"https:\/\/saezvigueras.es\/wordpress\/wp-content\/uploads\/2010\/11\/900x960_2049_2370-e1291223541492-375x250.jpg\" title=\"LC con el arquitecto Shadrac Woods (1950)\" >\t\t\t\t\t\t\t\t\n\t\t\t\t\t\t\t\t\t\t\t<img decoding=\"async\" src=\"https:\/\/saezvigueras.es\/wordpress\/wp-content\/uploads\/2010\/11\/900x960_2049_2370-e1291223541492-45x45.jpg\" alt=\"\" title=\"LC con el arquitecto Shadrac Woods (1950)\" \/>\n\t\t\t\t\t\t\t\t\t\t<\/a>\n\t\t\t\t\t\t\t\t\t\t\n\t\t\t\t\t\t\t\t\t\t<div class=\"caption\">\n\t\t\t\t\t\t\t\t\t\t\t\n\t\t\t\t\t\t\t\t\t\t\t\t\t\t<div class=\"image-caption\">LC con el arquitecto Shadrac Woods (1950)<\/div>\n\t\t\t\t\t\t\t\t\t\t\t\t\t\n\t\t\t\t\t\t\t\t\t\t<\/div>\n\t\t\t\t\t\t\t\t\t\t\n\t\t\t\t\t\t\t\t\t<\/li>\n\t\t\t\t\t\t\t\t\n\t\t\t\t\t\t\t\t\t<li><a class=\"thumb\" href=\"https:\/\/saezvigueras.es\/wordpress\/wp-content\/uploads\/2010\/11\/IMG_2219-374x250.jpg\" title=\"La fachada 60 a\u00f1os despu\u00e9s\" >\t\t\t\t\t\t\t\t\n\t\t\t\t\t\t\t\t\t\t\t<img decoding=\"async\" src=\"https:\/\/saezvigueras.es\/wordpress\/wp-content\/uploads\/2010\/11\/IMG_2219-45x45.jpg\" alt=\"\" title=\"La fachada 60 a\u00f1os despu\u00e9s\" \/>\n\t\t\t\t\t\t\t\t\t\t<\/a>\n\t\t\t\t\t\t\t\t\t\t\n\t\t\t\t\t\t\t\t\t\t<div class=\"caption\">\n\t\t\t\t\t\t\t\t\t\t\t\n\t\t\t\t\t\t\t\t\t\t\t\t\t\t<div class=\"image-caption\">La fachada 60 a\u00f1os despu\u00e9s<\/div>\n\t\t\t\t\t\t\t\t\t\t\t\t\t\n\t\t\t\t\t\t\t\t\t\t<\/div>\n\t\t\t\t\t\t\t\t\t\t\n\t\t\t\t\t\t\t\t\t<\/li>\n\t\t\t\t\t\t\t\t\n\t\t\t\t\t\t\t\t\t<li><a class=\"thumb\" href=\"https:\/\/saezvigueras.es\/wordpress\/wp-content\/uploads\/2010\/12\/900x960_2049_2357-400x212.jpg\" title=\"LC en la escalera de cubierta\" >\t\t\t\t\t\t\t\t\n\t\t\t\t\t\t\t\t\t\t\t<img decoding=\"async\" src=\"https:\/\/saezvigueras.es\/wordpress\/wp-content\/uploads\/2010\/12\/900x960_2049_2357-45x45.jpg\" alt=\"\" title=\"LC en la escalera de cubierta\" \/>\n\t\t\t\t\t\t\t\t\t\t<\/a>\n\t\t\t\t\t\t\t\t\t\t\n\t\t\t\t\t\t\t\t\t\t<div class=\"caption\">\n\t\t\t\t\t\t\t\t\t\t\t\n\t\t\t\t\t\t\t\t\t\t\t\t\t\t<div class=\"image-caption\">LC en la escalera de cubierta<\/div>\n\t\t\t\t\t\t\t\t\t\t\t\t\t\n\t\t\t\t\t\t\t\t\t\t<\/div>\n\t\t\t\t\t\t\t\t\t\t\n\t\t\t\t\t\t\t\t\t<\/li>\n\t\t\t\t\t\t\t\t\n\t\t\t\t\t\t\t\t\t<li><a class=\"thumb\" href=\"https:\/\/saezvigueras.es\/wordpress\/wp-content\/uploads\/2010\/12\/IMG_0045-400x191.jpg\" title=\"En la escalera de cubierta\" >\t\t\t\t\t\t\t\t\n\t\t\t\t\t\t\t\t\t\t\t<img decoding=\"async\" src=\"https:\/\/saezvigueras.es\/wordpress\/wp-content\/uploads\/2010\/12\/IMG_0045-45x45.jpg\" alt=\"\" title=\"En la escalera de cubierta\" \/>\n\t\t\t\t\t\t\t\t\t\t<\/a>\n\t\t\t\t\t\t\t\t\t\t\n\t\t\t\t\t\t\t\t\t\t<div class=\"caption\">\n\t\t\t\t\t\t\t\t\t\t\t\n\t\t\t\t\t\t\t\t\t\t\t\t\t\t<div class=\"image-caption\">En la escalera de cubierta<\/div>\n\t\t\t\t\t\t\t\t\t\t\t\t\t\n\t\t\t\t\t\t\t\t\t\t<\/div>\n\t\t\t\t\t\t\t\t\t\t\n\t\t\t\t\t\t\t\t\t<\/li>\n\t\t\t\t\t\t\t\t\n\t\t\t\t\t\t\t\t\t<li><a class=\"thumb\" href=\"https:\/\/saezvigueras.es\/wordpress\/wp-content\/uploads\/2010\/12\/slet-for-le-corbusier-705329-323x250.jpg\" title=\"Hora del recreo en la guarder\u00eda\" >\t\t\t\t\t\t\t\t\n\t\t\t\t\t\t\t\t\t\t\t<img decoding=\"async\" src=\"https:\/\/saezvigueras.es\/wordpress\/wp-content\/uploads\/2010\/12\/slet-for-le-corbusier-705329-45x45.jpg\" alt=\"\" title=\"Hora del recreo en la guarder\u00eda\" \/>\n\t\t\t\t\t\t\t\t\t\t<\/a>\n\t\t\t\t\t\t\t\t\t\t\n\t\t\t\t\t\t\t\t\t\t<div class=\"caption\">\n\t\t\t\t\t\t\t\t\t\t\t\n\t\t\t\t\t\t\t\t\t\t\t\t\t\t<div class=\"image-caption\">Hora del recreo en la guarder\u00eda<\/div>\n\t\t\t\t\t\t\t\t\t\t\t\t\t\n\t\t\t\t\t\t\t\t\t\t<\/div>\n\t\t\t\t\t\t\t\t\t\t\n\t\t\t\t\t\t\t\t\t<\/li>\n\t\t\t\t\t\t\t\t\n\t\t\t\t\t\t\t\t\t<li><a class=\"thumb\" href=\"https:\/\/saezvigueras.es\/wordpress\/wp-content\/uploads\/2010\/12\/IMG_0062-166x250.jpg\" title=\"Mar\u00eda jugando en la calle 3\" >\t\t\t\t\t\t\t\t\n\t\t\t\t\t\t\t\t\t\t\t<img decoding=\"async\" src=\"https:\/\/saezvigueras.es\/wordpress\/wp-content\/uploads\/2010\/12\/IMG_0062-45x45.jpg\" alt=\"\" title=\"Mar\u00eda jugando en la calle 3\" \/>\n\t\t\t\t\t\t\t\t\t\t<\/a>\n\t\t\t\t\t\t\t\t\t\t\n\t\t\t\t\t\t\t\t\t\t<div class=\"caption\">\n\t\t\t\t\t\t\t\t\t\t\t\n\t\t\t\t\t\t\t\t\t\t\t\t\t\t<div class=\"image-caption\">Mar\u00eda jugando en la calle 3<\/div>\n\t\t\t\t\t\t\t\t\t\t\t\t\t\n\t\t\t\t\t\t\t\t\t\t<\/div>\n\t\t\t\t\t\t\t\t\t\t\n\t\t\t\t\t\t\t\t\t<\/li>\n\t\t\t\t\t\t\t\t\n\t\t\t\t\t\t<\/ul>\n\t\t\t\t\t\t\t\t<div class=\"photospace_clear\"><\/div>\n\t\t\t\t\t\t\t\t<a class=\"pageLink prev\" style=\"display:none\" href=\"#\" title=\"Previous Page\"><\/a>\n\t\t\t\t\t\t<a class=\"pageLink next\" style=\"display:none\" href=\"#\" title=\"Next Page\"><\/a>\n\t\t\t\t\t<\/div>\n\t\t\t\t<\/div>\n\t\t\t<\/div>\n\t\t\t\n\t\t\t<!-- Start Advanced Gallery Html Containers -->\n\t\t\t<div class=\"gal_content\">\n\t\t\t\t\n\t\t\t\t<div class=\"slideshow-container\">\n\t\t\t\t\t<div id=\"loading_167_1\" class=\"loader\"><\/div>\n\t\t\t\t\t<div id=\"slideshow_167_1\" class=\"slideshow\"><\/div>\n\t\t\t\t\t<div id=\"caption_167_1\" class=\"caption-container\"><\/div>\n\t\t\t\t<\/div>\n\t\t\t\t\n\t\t\t<\/div>\n\t\n\t<\/div>\n\t\n\t<div class=\"gallery_clear\"><\/div>\n\t\n\t\n\t\n\t<script type='text\/javascript'>\n\t\t\t\n\t\t\tjQuery(document).ready(function($) {\n\t\t\t\t\n\t\t\t\t\/\/ We only want these styles applied when javascript is enabled\n\t\t\t\t$('.gal_content').css('display', 'block');\n\t\t\t\t$('.thumnail_col').css('width', '125px');\n\t\t\t\t\n\t\t\t\t\/\/ Initialize Advanced Galleriffic Gallery \n\t\t\t\tvar gallery = $('#thumbs_167_1').galleriffic({ \n\t\t\t\t\tdelay:                     3500,\n\t\t\t\t\tnumThumbs:                 8,\n\t\t\t\t\tpreloadAhead:              8,\n\t\t\t\t\tenableTopPager:            0,\n\t\t\t\t\tenableBottomPager:         false,\n\t\t\t\t\timageContainerSel:         '#slideshow_167_1',\n\t\t\t\t\tcontrolsContainerSel:      '#controls_167_1',\n\t\t\t\t\tcaptionContainerSel:       '#caption_167_1',  \n\t\t\t\t\tloadingContainerSel:       '#loading_167_1',\n\t\t\t\t\trenderSSControls:          true,\n\t\t\t\t\trenderNavControls:         true,\n\t\t\t\t\tplayLinkText:              '',\n\t\t\t\t\tpauseLinkText:             '',\n\t\t\t\t\tprevLinkText:              '',\n\t\t\t\t\tnextLinkText:              '',\n\t\t\t\t\tnextPageLinkText:          '&rsaquo;',\n\t\t\t\t\tprevPageLinkText:          '&lsaquo;',\n\t\t\t\t\tenableHistory:              0,\n\t\t\t\t\tautoStart:                 \t0,\n\t\t\t\t\tenableKeyboardNavigation:\ttrue,\n\t\t\t\t\tsyncTransitions:           \t1,\n\t\t\t\t\tdefaultTransitionDuration: \t300,\n\t\t\t\t\t\t\n\t\t\t\t\tonTransitionOut:           function(slide, caption, isSync, callback) {\n\t\t\t\t\t\tslide.fadeTo(this.getDefaultTransitionDuration(isSync), 0.0, callback);\n\t\t\t\t\t\tcaption.fadeTo(this.getDefaultTransitionDuration(isSync), 0.0);\n\t\t\t\t\t},\n\t\t\t\t\tonTransitionIn:            function(slide, caption, isSync) {\n\t\t\t\t\t\tvar duration = this.getDefaultTransitionDuration(isSync);\n\t\t\t\t\t\tslide.fadeTo(duration, 1.0);\n\t\n\t\t\t\t\t\t\/\/ Position the caption at the bottom of the image and set its opacity\n\t\t\t\t\t\tvar slideImage = slide.find('img');\n\t\t\t\t\t\tcaption.width(slideImage.width())\n\t\t\t\t\t\t\t.css({\n\t\t\t\t\t\t\t\t\/\/'bottom' : Math.floor((slide.height() - slideImage.outerHeight()) \/ 2 - 40),\n\t\t\t\t\t\t\t\t'top' : slideImage.outerHeight(),\n\t\t\t\t\t\t\t\t'left' : Math.floor((slide.width() - slideImage.width()) \/ 2) + slideImage.outerWidth() - slideImage.width()\n\t\t\t\t\t\t\t})\n\t\t\t\t\t\t\t.fadeTo(duration, 1.0);\n\t\t\t\t\t\t\n\t\t\t\t\t},\n\t\t\t\t\tonPageTransitionOut:       function(callback) {\n\t\t\t\t\t\tthis.hide();\n\t\t\t\t\t\tsetTimeout(callback, 100); \/\/ wait a bit\n\t\t\t\t\t},\n\t\t\t\t\tonPageTransitionIn:        function() {\n\t\t\t\t\t\tvar prevPageLink = this.find('a.prev').css('display', 'none');\n\t\t\t\t\t\tvar nextPageLink = this.find('a.next').css('display', 'none');\n\t\t\t\t\t\t\n\t\t\t\t\t\t\/\/ Show appropriate next \/ prev page links\n\t\t\t\t\t\tif (this.displayedPage > 0)\n\t\t\t\t\t\t\tprevPageLink.css('display', 'block');\n\t\t\n\t\t\t\t\t\tvar lastPage = this.getNumPages() - 1;\n\t\t\t\t\t\tif (this.displayedPage < lastPage)\n\t\t\t\t\t\t\tnextPageLink.css('display', 'block');\n\t\t\n\t\t\t\t\t\tthis.fadeTo('fast', 1.0);\n\t\t\t\t\t}\n\t\t\t\t\t\n\t\t\t\t}); \n\t\t\t\t\n\t\t\t\t\n\t\t\t\t\n\t\t\t\t\/**************** Event handlers for custom next \/ prev page links **********************\/\n\t\t\n\t\t\t\tgallery.find('a.prev').click(function(e) {\n\t\t\t\t\tgallery.previousPage();\n\t\t\t\t\te.preventDefault();\n\t\t\t\t});\n\t\t\n\t\t\t\tgallery.find('a.next').click(function(e) {\n\t\t\t\t\tgallery.nextPage(); \n\t\t\t\t\te.preventDefault();\n\t\t\t\t});\n\t\t\n\t\t\t});\n\t\t<\/script>\n\t\t\n\t\t\n","protected":false},"excerpt":{"rendered":"<p>Al desembarcar en la terminal de cruceros de Marsella no ten&iacute;a la intenci&oacute;n de visitar La Unit&eacute;. Viajaba con mi familia y unos amigos y la escala era s&oacute;lo de unas pocas horas, por lo que no era cuesti&oacute;n de ponerse pesado. Hay que decir que, en la escuela de arquitectura, los de mi generaci&oacute;n nos hab&iacute;amos dejado seducir mucho&#8230; <a href=\"https:\/\/saezvigueras.es\/wordpress\/?p=167\">Leer m\u00e1s &raquo;<\/a><\/p>\n","protected":false},"author":3,"featured_media":0,"comment_status":"open","ping_status":"closed","sticky":false,"template":"","format":"standard","meta":{"ngg_post_thumbnail":0,"footnotes":""},"categories":[9],"tags":[37,39,38],"class_list":["post-167","post","type-post","status-publish","format-standard","hentry","category-de-los-viajes","tag-le-corbusier","tag-marsella","tag-unite"],"_links":{"self":[{"href":"https:\/\/saezvigueras.es\/wordpress\/index.php?rest_route=\/wp\/v2\/posts\/167","targetHints":{"allow":["GET"]}}],"collection":[{"href":"https:\/\/saezvigueras.es\/wordpress\/index.php?rest_route=\/wp\/v2\/posts"}],"about":[{"href":"https:\/\/saezvigueras.es\/wordpress\/index.php?rest_route=\/wp\/v2\/types\/post"}],"author":[{"embeddable":true,"href":"https:\/\/saezvigueras.es\/wordpress\/index.php?rest_route=\/wp\/v2\/users\/3"}],"replies":[{"embeddable":true,"href":"https:\/\/saezvigueras.es\/wordpress\/index.php?rest_route=%2Fwp%2Fv2%2Fcomments&post=167"}],"version-history":[{"count":117,"href":"https:\/\/saezvigueras.es\/wordpress\/index.php?rest_route=\/wp\/v2\/posts\/167\/revisions"}],"predecessor-version":[{"id":465,"href":"https:\/\/saezvigueras.es\/wordpress\/index.php?rest_route=\/wp\/v2\/posts\/167\/revisions\/465"}],"wp:attachment":[{"href":"https:\/\/saezvigueras.es\/wordpress\/index.php?rest_route=%2Fwp%2Fv2%2Fmedia&parent=167"}],"wp:term":[{"taxonomy":"category","embeddable":true,"href":"https:\/\/saezvigueras.es\/wordpress\/index.php?rest_route=%2Fwp%2Fv2%2Fcategories&post=167"},{"taxonomy":"post_tag","embeddable":true,"href":"https:\/\/saezvigueras.es\/wordpress\/index.php?rest_route=%2Fwp%2Fv2%2Ftags&post=167"}],"curies":[{"name":"wp","href":"https:\/\/api.w.org\/{rel}","templated":true}]}}