{"id":1457,"date":"2019-03-11T23:43:56","date_gmt":"2019-03-11T21:43:56","guid":{"rendered":"http:\/\/saezvigueras.es\/wordpress\/?p=1457"},"modified":"2019-03-11T23:58:38","modified_gmt":"2019-03-11T21:58:38","slug":"la-no-arquitectura-del-gimnasio-maravillas","status":"publish","type":"post","link":"https:\/\/saezvigueras.es\/wordpress\/?p=1457","title":{"rendered":"La No Arquitectura del Gimnasio Maravillas"},"content":{"rendered":"\n<figure class=\"wp-block-image\"><img loading=\"lazy\" decoding=\"async\" width=\"1024\" height=\"730\" src=\"http:\/\/saezvigueras.es\/wordpress\/wp-content\/uploads\/2019\/03\/01-fachada-a-joaquin-costa_foto-en-1962-1024x730.jpg\" alt=\"\" class=\"wp-image-1460\" srcset=\"https:\/\/saezvigueras.es\/wordpress\/wp-content\/uploads\/2019\/03\/01-fachada-a-joaquin-costa_foto-en-1962-1024x730.jpg 1024w, https:\/\/saezvigueras.es\/wordpress\/wp-content\/uploads\/2019\/03\/01-fachada-a-joaquin-costa_foto-en-1962-400x285.jpg 400w, https:\/\/saezvigueras.es\/wordpress\/wp-content\/uploads\/2019\/03\/01-fachada-a-joaquin-costa_foto-en-1962-768x548.jpg 768w, https:\/\/saezvigueras.es\/wordpress\/wp-content\/uploads\/2019\/03\/01-fachada-a-joaquin-costa_foto-en-1962-421x300.jpg 421w, https:\/\/saezvigueras.es\/wordpress\/wp-content\/uploads\/2019\/03\/01-fachada-a-joaquin-costa_foto-en-1962-624x445.jpg 624w, https:\/\/saezvigueras.es\/wordpress\/wp-content\/uploads\/2019\/03\/01-fachada-a-joaquin-costa_foto-en-1962.jpg 1227w\" sizes=\"auto, (max-width: 1024px) 100vw, 1024px\" \/><\/figure>\n\n\n\n<blockquote style=\"text-align:right\" class=\"wp-block-quote is-layout-flow wp-block-quote-is-layout-flow\"><p> <br><em>\u00abEste edificio del a\u00f1o 62 naci\u00f3 a su aire. Preocupados con los problemas urbanos, aprovechamiento del mal solar, econ\u00f3micos, no dio margen para preocuparse por una arquitectura determinada; por eso carece de cualquiera de ellas.[&#8230;] No s\u00e9 por qu\u00e9 lo hice as\u00ed pero lo que s\u00ed s\u00e9 es que no me disgusta haberlo hecho. Creo que el no hacer Arquitectura es un camino para hacerla y todos cuantos no la hagamos habremos hecho m\u00e1s por ella que los que, aprendida, la siguen haciendo. \u00bb <\/em><\/p><cite>Alejando de la Sora<\/cite><\/blockquote>\n\n\n\n<p><span class=\"wpsdc-drop-cap\">C<\/span>omo muchos padres de hijos deportistas me veo arrastrado cada fin de semana a una sacrificada peregrinaci\u00f3n que me lleva a recorrer las instalaciones deportivas de colegios y municipios cercanos a nuestra ciudad, donde los chavales practican su deporte favorito, que en mi caso tengo la suerte que sea el baloncesto.<br><\/p>\n\n\n\n<p>Pero a diferencia de la mayor\u00eda de padres que centran su atenci\u00f3n en los lances del juego, yo no puedo evitar observar lo penosas, deprimentes y anodinas que son la mayor\u00eda de \u00e9stas instalaciones deportivas, carentes no s\u00f3lo de la m\u00ednima calidad espacial y decoro funcional que se presume a este tipo de equipamientos, sino ya de todo criterio consecuente con la aplicaci\u00f3n del sentido com\u00fan: espacios mal acondicionados, de deficiente iluminaci\u00f3n y ventilaci\u00f3n, aseos y vestuarios en lamentable estado, grader\u00edas inaccesibles y circulaciones irracionales. En muchos casos no son m\u00e1s que simples naves construidas con bloques de hormig\u00f3n y cubierta de chapa, donde se ha colocado un pavimento y unas canastas. <br><\/p>\n\n\n\n<p>Y cada fin de semana me invade la indignaci\u00f3n por la manifiesta renuncia a dotar a estos edificios, tan reclamados y utilizados, de la calidad que se merecen. Renuncia de la que son responsables tanto las instituciones promotoras como, en mayor medida, los arquitectos encargados de llevarlos a cabo, que inexplicablemente desde\u00f1an la magn\u00edfica oportunidad que representa poder abordar un proyecto en una tipolog\u00eda que permite trabajar con absoluta coherencia, una vez liberados del cors\u00e9 residencial, &nbsp;el espacio, la luz y la t\u00e9cnica. \u00a1Qu\u00e9 m\u00e1s se puede pedir!<br><\/p>\n\n\n\n<p>Por eso cada fin de semana me acuerdo del gimnasio del Colegio Maravillas proyectado por Alejandro de la Sota en 1960, y de la sobria lecci\u00f3n que (a los hechos me remito) no hemos sabido aprender. Mucho se ha escrito (o quiz\u00e1s no tanto o no lo suficiente) sobre esta modesta y a la vez grandiosa obra integrada en un edificio docente. De c\u00f3mo resolviendo un problema se resuelven, a la vez, otros muchos no previstos. De c\u00f3mo anteponer la funci\u00f3n sin menoscabar la t\u00e9cnica y el decoro. De c\u00f3mo sorprender con un espacio introspectivo que se aleja de lo p\u00fablico para hacerse especial y emocionante en lo \u00edntimo. En definitiva, de c\u00f3mo hacer arquitectura verdadera sin pretender hacerla\u2026 Eso es exactamente el gimnasio del Maravillas: un susurro magistral.<br><\/p>\n\n\n\n<figure class=\"wp-block-image\"><img loading=\"lazy\" decoding=\"async\" width=\"1015\" height=\"1000\" src=\"http:\/\/saezvigueras.es\/wordpress\/wp-content\/uploads\/2019\/03\/03-pista-de-juegos.jpg\" alt=\"\" class=\"wp-image-1465\" srcset=\"https:\/\/saezvigueras.es\/wordpress\/wp-content\/uploads\/2019\/03\/03-pista-de-juegos.jpg 1015w, https:\/\/saezvigueras.es\/wordpress\/wp-content\/uploads\/2019\/03\/03-pista-de-juegos-400x394.jpg 400w, https:\/\/saezvigueras.es\/wordpress\/wp-content\/uploads\/2019\/03\/03-pista-de-juegos-768x757.jpg 768w, https:\/\/saezvigueras.es\/wordpress\/wp-content\/uploads\/2019\/03\/03-pista-de-juegos-45x45.jpg 45w, https:\/\/saezvigueras.es\/wordpress\/wp-content\/uploads\/2019\/03\/03-pista-de-juegos-305x300.jpg 305w, https:\/\/saezvigueras.es\/wordpress\/wp-content\/uploads\/2019\/03\/03-pista-de-juegos-624x615.jpg 624w, https:\/\/saezvigueras.es\/wordpress\/wp-content\/uploads\/2019\/03\/03-pista-de-juegos-60x60.jpg 60w\" sizes=\"auto, (max-width: 1015px) 100vw, 1015px\" \/><figcaption>Espacio principal del gimnasio<\/figcaption><\/figure>\n\n\n\n<p>De la Sota presum\u00eda de \u00abquitar arquitectura a la arquitectura\u00bb, de llevar su oficio a la esencia: un problema, unos medios, una soluci\u00f3n. Ah\u00ed se encuentra la belleza.<br><\/p>\n\n\n\n<p>Porque no se trata de gastar dinero, se trata de proyectar un edificio con imaginaci\u00f3n y decisi\u00f3n, herramientas que todo arquitecto que se precie deber\u00eda manejar. Ideas, no formas. Humor y humanidad. \u00abMe gust\u00f3 siempre hablar de la arquitectura como divertimento\u00bb, dijo De la Sota, \u00absi no se hace alegremente no es arquitectura. La emoci\u00f3n de la arquitectura hace sonre\u00edr, da risa. La vida, no\u00bb.<br><\/p>\n\n\n\n<figure class=\"wp-block-image\"><img loading=\"lazy\" decoding=\"async\" width=\"1024\" height=\"972\" src=\"http:\/\/saezvigueras.es\/wordpress\/wp-content\/uploads\/2019\/03\/07-aula-de-ciencias-1024x972.jpg\" alt=\"\" class=\"wp-image-1466\" srcset=\"https:\/\/saezvigueras.es\/wordpress\/wp-content\/uploads\/2019\/03\/07-aula-de-ciencias-1024x972.jpg 1024w, https:\/\/saezvigueras.es\/wordpress\/wp-content\/uploads\/2019\/03\/07-aula-de-ciencias-400x380.jpg 400w, https:\/\/saezvigueras.es\/wordpress\/wp-content\/uploads\/2019\/03\/07-aula-de-ciencias-768x729.jpg 768w, https:\/\/saezvigueras.es\/wordpress\/wp-content\/uploads\/2019\/03\/07-aula-de-ciencias-316x300.jpg 316w, https:\/\/saezvigueras.es\/wordpress\/wp-content\/uploads\/2019\/03\/07-aula-de-ciencias-624x592.jpg 624w, https:\/\/saezvigueras.es\/wordpress\/wp-content\/uploads\/2019\/03\/07-aula-de-ciencias.jpg 1054w\" sizes=\"auto, (max-width: 1024px) 100vw, 1024px\" \/><figcaption>Aula situada entre las cerchas que forman la cubierta<\/figcaption><\/figure>\n\n\n\n<p>De la Sota intent\u00f3 ense\u00f1ar a olvidar lo aprendido en las escuelas de arquitectura para proyectar con los recuerdos atesorados: el frescor de la casa del pueblo, las vistas desde cierta terraza, el sol del amanecer entrando por la ventana&#8230;.<br><\/p>\n\n\n\n<p>Sus hallazgos no se pueden copiar porque s\u00f3lo sirven aqu\u00ed y para esto. Pero se puede aprender de ellos.<br><\/p>\n\n\n\n<p>No lo olvidemos.<br><\/p>\n\n\n\n<div class=\"wp-block-image\"><figure class=\"aligncenter is-resized\"><img loading=\"lazy\" decoding=\"async\" src=\"http:\/\/saezvigueras.es\/wordpress\/wp-content\/uploads\/2019\/03\/61_cfod24.jpg\" alt=\"\" class=\"wp-image-1467\" width=\"431\" height=\"639\" srcset=\"https:\/\/saezvigueras.es\/wordpress\/wp-content\/uploads\/2019\/03\/61_cfod24.jpg 673w, https:\/\/saezvigueras.es\/wordpress\/wp-content\/uploads\/2019\/03\/61_cfod24-269x400.jpg 269w, https:\/\/saezvigueras.es\/wordpress\/wp-content\/uploads\/2019\/03\/61_cfod24-202x300.jpg 202w, https:\/\/saezvigueras.es\/wordpress\/wp-content\/uploads\/2019\/03\/61_cfod24-624x927.jpg 624w\" sizes=\"auto, (max-width: 431px) 100vw, 431px\" \/><figcaption>Alejandro de la Sota en 1962<\/figcaption><\/figure><\/div>\n\n\n<style type=\"text\/css\">\n#foogallery-gallery-1510.fg-justified .fg-item { margin-right: 1px; margin-bottom: 1px; }\n#foogallery-gallery-1510.fg-justified .fg-image { height: 150px; }<\/style>\n\t\t\t<div class=\"foogallery foogallery-container foogallery-justified foogallery-lightbox-foobox fg-justified fg-ready fg-light fg-border-thin fg-shadow-outline fg-loading-default fg-loaded-fade-in fg-caption-hover fg-hover-fade fg-hover-zoom\" id=\"foogallery-gallery-1510\" data-foogallery=\"{&quot;item&quot;:{&quot;showCaptionTitle&quot;:true,&quot;showCaptionDescription&quot;:true},&quot;lazy&quot;:true,&quot;template&quot;:{&quot;rowHeight&quot;:150,&quot;maxRowHeight&quot;:300,&quot;margins&quot;:1,&quot;align&quot;:&quot;center&quot;,&quot;lastRow&quot;:&quot;smart&quot;}}\" style=\"--fg-title-line-clamp: 0; --fg-description-line-clamp: 0;\" >\n\t<div class=\"fg-item fg-type-image fg-idle\"><figure class=\"fg-item-inner\"><a href=\"https:\/\/saezvigueras.es\/wordpress\/wp-content\/uploads\/2019\/03\/02-fachada-a-joaquin-costa.jpg\" data-caption-title=\"Fachada actual a C\/ Joaquin Costa\" data-attachment-id=\"1472\" data-type=\"image\" class=\"fg-thumb\"><span class=\"fg-image-wrap\"><img fetchpriority=\"high\" decoding=\"async\" title=\"Fachada actual a C\/ Joaquin Costa\" height=\"300\" width=\"439\" class=\"skip-lazy fg-image\" data-src-fg=\"https:\/\/saezvigueras.es\/wordpress\/wp-content\/uploads\/cache\/2019\/03\/02-fachada-a-joaquin-costa\/1707570358.jpg\" src=\"data:image\/svg+xml,%3Csvg%20xmlns%3D%22http%3A%2F%2Fwww.w3.org%2F2000%2Fsvg%22%20width%3D%22439%22%20height%3D%22300%22%20viewBox%3D%220%200%20439%20300%22%3E%3C%2Fsvg%3E\" loading=\"eager\"><\/span><span class=\"fg-image-overlay\"><\/span><\/a><figcaption class=\"fg-caption\"><div class=\"fg-caption-inner\"><div class=\"fg-caption-title\">Fachada actual a C\/ Joaquin Costa<\/div><\/div><\/figcaption><\/figure><div class=\"fg-loader\"><\/div><\/div><div class=\"fg-item fg-type-image fg-idle\"><figure class=\"fg-item-inner\"><a href=\"https:\/\/saezvigueras.es\/wordpress\/wp-content\/uploads\/2019\/03\/04-pista-de-juegos_lucernario.jpg\" data-caption-title=\"Vista del lucernario\" data-attachment-id=\"1473\" data-type=\"image\" class=\"fg-thumb\"><span class=\"fg-image-wrap\"><img decoding=\"async\" title=\"Vista del lucernario\" height=\"300\" width=\"202\" class=\"skip-lazy fg-image\" data-src-fg=\"https:\/\/saezvigueras.es\/wordpress\/wp-content\/uploads\/cache\/2019\/03\/04-pista-de-juegos_lucernario\/2404990380.jpg\" src=\"data:image\/svg+xml,%3Csvg%20xmlns%3D%22http%3A%2F%2Fwww.w3.org%2F2000%2Fsvg%22%20width%3D%22202%22%20height%3D%22300%22%20viewBox%3D%220%200%20202%20300%22%3E%3C%2Fsvg%3E\" loading=\"eager\"><\/span><span class=\"fg-image-overlay\"><\/span><\/a><figcaption class=\"fg-caption\"><div class=\"fg-caption-inner\"><div class=\"fg-caption-title\">Vista del lucernario<\/div><\/div><\/figcaption><\/figure><div class=\"fg-loader\"><\/div><\/div><div class=\"fg-item fg-type-image fg-idle\"><figure class=\"fg-item-inner\"><a href=\"https:\/\/saezvigueras.es\/wordpress\/wp-content\/uploads\/2019\/03\/06-pista-de-juegos_graderio.jpg\" data-caption-title=\"Vista desde la graderia\" data-attachment-id=\"1475\" data-type=\"image\" class=\"fg-thumb\"><span class=\"fg-image-wrap\"><img decoding=\"async\" title=\"Vista desde la graderia\" height=\"300\" width=\"451\" class=\"skip-lazy fg-image\" data-src-fg=\"https:\/\/saezvigueras.es\/wordpress\/wp-content\/uploads\/cache\/2019\/03\/06-pista-de-juegos_graderio\/2572861712.jpg\" src=\"data:image\/svg+xml,%3Csvg%20xmlns%3D%22http%3A%2F%2Fwww.w3.org%2F2000%2Fsvg%22%20width%3D%22451%22%20height%3D%22300%22%20viewBox%3D%220%200%20451%20300%22%3E%3C%2Fsvg%3E\" loading=\"eager\"><\/span><span class=\"fg-image-overlay\"><\/span><\/a><figcaption class=\"fg-caption\"><div class=\"fg-caption-inner\"><div class=\"fg-caption-title\">Vista desde la graderia<\/div><\/div><\/figcaption><\/figure><div class=\"fg-loader\"><\/div><\/div><div class=\"fg-item fg-type-image fg-idle\"><figure class=\"fg-item-inner\"><a href=\"https:\/\/saezvigueras.es\/wordpress\/wp-content\/uploads\/2019\/03\/11-gm-1962.jpg\" data-attachment-id=\"1476\" data-type=\"image\" class=\"fg-thumb\"><span class=\"fg-image-wrap\"><img decoding=\"async\" height=\"300\" width=\"371\" class=\"skip-lazy fg-image\" data-src-fg=\"https:\/\/saezvigueras.es\/wordpress\/wp-content\/uploads\/cache\/2019\/03\/11-gm-1962\/2149830530.jpg\" src=\"data:image\/svg+xml,%3Csvg%20xmlns%3D%22http%3A%2F%2Fwww.w3.org%2F2000%2Fsvg%22%20width%3D%22371%22%20height%3D%22300%22%20viewBox%3D%220%200%20371%20300%22%3E%3C%2Fsvg%3E\" loading=\"eager\"><\/span><span class=\"fg-image-overlay\"><\/span><\/a><\/figure><div class=\"fg-loader\"><\/div><\/div><div class=\"fg-item fg-type-image fg-idle\"><figure class=\"fg-item-inner\"><a href=\"https:\/\/saezvigueras.es\/wordpress\/wp-content\/uploads\/2019\/03\/03-croquis_interior.jpg\" data-attachment-id=\"1477\" data-type=\"image\" class=\"fg-thumb\"><span class=\"fg-image-wrap\"><img decoding=\"async\" height=\"300\" width=\"427\" class=\"skip-lazy fg-image\" data-src-fg=\"https:\/\/saezvigueras.es\/wordpress\/wp-content\/uploads\/cache\/2019\/03\/03-croquis_interior\/835493702.jpg\" src=\"data:image\/svg+xml,%3Csvg%20xmlns%3D%22http%3A%2F%2Fwww.w3.org%2F2000%2Fsvg%22%20width%3D%22427%22%20height%3D%22300%22%20viewBox%3D%220%200%20427%20300%22%3E%3C%2Fsvg%3E\" loading=\"eager\"><\/span><span class=\"fg-image-overlay\"><\/span><\/a><\/figure><div class=\"fg-loader\"><\/div><\/div><div class=\"fg-item fg-type-image fg-idle\"><figure class=\"fg-item-inner\"><a href=\"https:\/\/saezvigueras.es\/wordpress\/wp-content\/uploads\/2019\/03\/61_c_pl_a_9_lg-planta-tercera_aulas-y-sala-de-conferencias.jpg\" data-attachment-id=\"1478\" data-type=\"image\" class=\"fg-thumb\"><span class=\"fg-image-wrap\"><img decoding=\"async\" height=\"300\" width=\"625\" class=\"skip-lazy fg-image\" data-src-fg=\"https:\/\/saezvigueras.es\/wordpress\/wp-content\/uploads\/cache\/2019\/03\/61_c_pl_a_9_lg-planta-tercera_aulas-y-sala-de-conferencias\/1070963477.jpg\" src=\"data:image\/svg+xml,%3Csvg%20xmlns%3D%22http%3A%2F%2Fwww.w3.org%2F2000%2Fsvg%22%20width%3D%22625%22%20height%3D%22300%22%20viewBox%3D%220%200%20625%20300%22%3E%3C%2Fsvg%3E\" loading=\"eager\"><\/span><span class=\"fg-image-overlay\"><\/span><\/a><\/figure><div class=\"fg-loader\"><\/div><\/div><div class=\"fg-item fg-type-image fg-idle\"><figure class=\"fg-item-inner\"><a href=\"https:\/\/saezvigueras.es\/wordpress\/wp-content\/uploads\/2019\/03\/61_c_pl_a_17_lg-seccion.jpg\" data-attachment-id=\"1479\" data-type=\"image\" class=\"fg-thumb\"><span class=\"fg-image-wrap\"><img decoding=\"async\" height=\"300\" width=\"470\" class=\"skip-lazy fg-image\" data-src-fg=\"https:\/\/saezvigueras.es\/wordpress\/wp-content\/uploads\/cache\/2019\/03\/61_c_pl_a_17_lg-seccion\/269622983.jpg\" src=\"data:image\/svg+xml,%3Csvg%20xmlns%3D%22http%3A%2F%2Fwww.w3.org%2F2000%2Fsvg%22%20width%3D%22470%22%20height%3D%22300%22%20viewBox%3D%220%200%20470%20300%22%3E%3C%2Fsvg%3E\" loading=\"eager\"><\/span><span class=\"fg-image-overlay\"><\/span><\/a><\/figure><div class=\"fg-loader\"><\/div><\/div><\/div>\n\n\n\n<p><\/p>\n\n\n\n<p class=\"has-small-font-size\"><strong>Para saber + <\/strong>:<br><a href=\"http:\/\/archivo.alejandrodelasota.org\/es\/original\/project\/234\">Fundaci\u00f3n Alejandro de la Sota.<\/a><br><a href=\"https:\/\/www.plataformaarquitectura.cl\/cl\/02-180526\/clasicos-de-arquitectura-gimnasio-maravillas-fernando-de-la-sota\">Plataforma de Arquitectura. Cl\u00e1sicos de arquitectura<\/a>. <\/p>\n\n\n\n<hr class=\"wp-block-separator\"\/>\n\n\n\n<p><strong>PD.<\/strong> Este <em>post<\/em> ahora publicado fue escrito hace alg\u00fan tiempo. Por ello ser\u00eda injusto no mencionar que gracias a la iniciativa del empresario valenciano Juan Roig y al buen hacer proyectual de <a href=\"http:\/\/errearquitectura.com\/es\/portada\/\">ERRE arquitectura,<\/a> la ciudad de Valencia disfruta en la actualidad de la llamada \u00abAlquer\u00eda del Basket\u00bb, un  equipamiento que ofrece las m\u00e1ximas prestaciones y funcionalidad para la pr\u00e1ctica del baloncesto,  donde nada se ha dejado al azar en unos espacios magn\u00edficamente iluminados y cuidados al detalle. Sin duda un buen ejemplo de lo que he querido reivindicar con esta publicaci\u00f3n. <br><\/p>\n\n\n\n<hr class=\"wp-block-separator\"\/>\n\n\n\n<p><\/p>\n","protected":false},"excerpt":{"rendered":"<p>&laquo;Este edificio del a&ntilde;o 62 naci&oacute; a su aire. Preocupados con los problemas urbanos, aprovechamiento del mal solar, econ&oacute;micos, no dio margen para preocuparse por una arquitectura determinada; por eso carece de cualquiera de ellas.[&hellip;] No s&eacute; por qu&eacute; lo hice as&iacute; pero lo que s&iacute; s&eacute; es que no me disgusta haberlo hecho. Creo que el no hacer Arquitectura&#8230; <a href=\"https:\/\/saezvigueras.es\/wordpress\/?p=1457\">Leer m\u00e1s &raquo;<\/a><\/p>\n","protected":false},"author":3,"featured_media":1460,"comment_status":"open","ping_status":"closed","sticky":false,"template":"","format":"standard","meta":{"ngg_post_thumbnail":0,"footnotes":""},"categories":[4,8],"tags":[108,106,30,111,107,110,109],"class_list":["post-1457","post","type-post","status-publish","format-standard","has-post-thumbnail","hentry","category-nos-gusta","category-reflexiones","tag-baloncesto","tag-colegio-maravillas","tag-de-la-sota","tag-equipamiento","tag-gimnasio","tag-pabellones","tag-polideportivo"],"_links":{"self":[{"href":"https:\/\/saezvigueras.es\/wordpress\/index.php?rest_route=\/wp\/v2\/posts\/1457","targetHints":{"allow":["GET"]}}],"collection":[{"href":"https:\/\/saezvigueras.es\/wordpress\/index.php?rest_route=\/wp\/v2\/posts"}],"about":[{"href":"https:\/\/saezvigueras.es\/wordpress\/index.php?rest_route=\/wp\/v2\/types\/post"}],"author":[{"embeddable":true,"href":"https:\/\/saezvigueras.es\/wordpress\/index.php?rest_route=\/wp\/v2\/users\/3"}],"replies":[{"embeddable":true,"href":"https:\/\/saezvigueras.es\/wordpress\/index.php?rest_route=%2Fwp%2Fv2%2Fcomments&post=1457"}],"version-history":[{"count":27,"href":"https:\/\/saezvigueras.es\/wordpress\/index.php?rest_route=\/wp\/v2\/posts\/1457\/revisions"}],"predecessor-version":[{"id":1522,"href":"https:\/\/saezvigueras.es\/wordpress\/index.php?rest_route=\/wp\/v2\/posts\/1457\/revisions\/1522"}],"wp:featuredmedia":[{"embeddable":true,"href":"https:\/\/saezvigueras.es\/wordpress\/index.php?rest_route=\/wp\/v2\/media\/1460"}],"wp:attachment":[{"href":"https:\/\/saezvigueras.es\/wordpress\/index.php?rest_route=%2Fwp%2Fv2%2Fmedia&parent=1457"}],"wp:term":[{"taxonomy":"category","embeddable":true,"href":"https:\/\/saezvigueras.es\/wordpress\/index.php?rest_route=%2Fwp%2Fv2%2Fcategories&post=1457"},{"taxonomy":"post_tag","embeddable":true,"href":"https:\/\/saezvigueras.es\/wordpress\/index.php?rest_route=%2Fwp%2Fv2%2Ftags&post=1457"}],"curies":[{"name":"wp","href":"https:\/\/api.w.org\/{rel}","templated":true}]}}