{"id":1315,"date":"2017-03-04T11:16:02","date_gmt":"2017-03-04T09:16:02","guid":{"rendered":"http:\/\/saezvigueras.es\/wordpress\/?p=1315"},"modified":"2018-06-05T18:40:16","modified_gmt":"2018-06-05T16:40:16","slug":"rcr-son-arquitectos-pritzker","status":"publish","type":"post","link":"https:\/\/saezvigueras.es\/wordpress\/?p=1315","title":{"rendered":"RCR son arquitectos PRITZKER"},"content":{"rendered":"<p><a href=\"http:\/\/saezvigueras.es\/wordpress\/wp-content\/uploads\/2017\/03\/00-Rafael_Aranda__Carme_Pigem_and_Ramon_Vilalta_Photo_by_Javier_Lorenzo_Dom\u00ednguez.jpg\"><img loading=\"lazy\" decoding=\"async\" class=\"aligncenter size-full wp-image-1280\" alt=\"RCR arquitectos\" src=\"http:\/\/saezvigueras.es\/wordpress\/wp-content\/uploads\/2017\/03\/00-Rafael_Aranda__Carme_Pigem_and_Ramon_Vilalta_Photo_by_Javier_Lorenzo_Dom\u00ednguez.jpg\" width=\"550\" height=\"462\" \/><\/a><\/p>\n<p style=\"text-align: justify;\"><span style=\"font-family: Verdana;\">RCR Arquitectes logran el premio Pritzker 2017. Noticia que leo con inusitada alegr\u00eda y admiraci\u00f3n.<\/span><\/p>\n<p style=\"text-align: justify;\"><span style=\"font-family: Verdana;\">Alegr\u00eda porque veinti\u00fan a\u00f1os despu\u00e9s que Rafael Moneo fuera el primer espa\u00f1ol en recibir el mayor galard\u00f3n que un arquitecto pueda recibir en nuestra profesi\u00f3n, el equipo formado por Rafael Aranda, Carme Pigem y Ram\u00f3n Vilalta (RCR Arquitectes) con sede en Olot (Girona), una poblaci\u00f3n de tan solo 30.000 habitantes, son nombrados los ganadores de este a\u00f1o.<\/span><\/p>\n<p style=\"text-align: justify;\"><span style=\"font-family: Verdana;\">Y admiraci\u00f3n que no disimulo por esta oficina de arquitectos fundada en 1988, reci\u00e9n acabada su formaci\u00f3n acad\u00e9mica que no profesional (la cual no acabar\u00e1 nunca para unos arquitectos tan inquietos como ellos), y cuya trayectoria conozco y sigo desde casi sus inicios, debido a los concursos ganados y posterior obra construida, la mayor\u00eda en las inmediaciones de esta localidad en la que nacieron y a la que supieron volver, renunciando a lo que era y es habitual: fundar oficina en la gran ciudad. De esta forma, el trabajo que desarrollan siempre ha mostrado un firme compromiso con el lugar, una mezcla de materialidad y modernidad, que me emociona y que admiro.<\/span><\/p>\n<p style=\"text-align: justify;\"><span style=\"font-family: Verdana;\">Como dice Glenn Murcutt, presidente del jurado, estamos ante \u201c<i>una arquitectura intransigente de un nivel po\u00e9tico, representando un trabajo atemporal que refleja un gran respeto por el pasado, proyectando a la vez, una claridad que pertenece al presente y al futuro\u201d.<\/i><\/span><\/p>\n<div id=\"attachment_1332\" style=\"width: 320px\" class=\"wp-caption aligncenter\"><a href=\"http:\/\/saezvigueras.es\/wordpress\/wp-content\/uploads\/2017\/03\/01-Row_House_3_\u00a9_Hisao_Suzuki-e1488563994367.jpg\"><img loading=\"lazy\" decoding=\"async\" aria-describedby=\"caption-attachment-1332\" src=\"http:\/\/saezvigueras.es\/wordpress\/wp-content\/uploads\/2017\/03\/01-Row_House_3_\u00a9_Hisao_Suzuki-310x400.jpg\" alt=\"Casa entremuros\" width=\"310\" height=\"400\" class=\"size-medium wp-image-1332\" \/><\/a><p id=\"caption-attachment-1332\" class=\"wp-caption-text\">Casa Entremuros. Olot, (Girona). Foto: Hisao_Suzuki<\/p><\/div>\n<p style=\"text-align: justify;\"><span style=\"font-family: Verdana;\">Pero de todo lo que \u00faltimamente se ha escrito sobre ellos, creo que me quedo con la precisi\u00f3n de la propia Acta del Jurado, que transcribo tal cual:<\/span><\/p>\n<p style=\"text-align: justify; padding-left: 30px;\"><span style=\"font-family: Verdana;\" data-mce-mark=\"1\"><i>\u201cRafael Aranda, Carme Pigem y Ramon Vilalta, tres arquitectos que han trabajado en estrecha colaboraci\u00f3n durante casi 30 a\u00f1os, con un enfoque deliberado y reflexivo de la arquitectura, son reconocidos con el Premio de Arquitectura Pritzker 2017. Sus obras cumplen admirable y po\u00e9ticamente con las exigencias tradicionales de la arquitectura; la belleza f\u00edsica y espacial, la funcionalidad y la artesan\u00eda, pero lo que las distingue es el enfoque que crea edificios y lugares que son locales y universales al mismo tiempo. El equipo estableci\u00f3 su oficina -llamada RCR por sus tres nombres- en Olot, su ciudad natal, ubicada en la regi\u00f3n catalana en el noreste de Espa\u00f1a, resistiendo el llamado de la metr\u00f3poli en favor de permanecer estrechamente conectado a sus ra\u00edces. El proceso que han desarrollado es una verdadera colaboraci\u00f3n en la que ninguna parte ni la totalidad de un proyecto puede atribuirse a un solo socio. Su enfoque creativo es una mezcla constante de ideas y un di\u00e1logo continuo.<\/i><\/span><\/p>\n<div id=\"attachment_1336\" style=\"width: 410px\" class=\"wp-caption aligncenter\"><a href=\"http:\/\/saezvigueras.es\/wordpress\/wp-content\/uploads\/2017\/03\/02-teatro-la-lira.jpg\"><img loading=\"lazy\" decoding=\"async\" aria-describedby=\"caption-attachment-1336\" src=\"http:\/\/saezvigueras.es\/wordpress\/wp-content\/uploads\/2017\/03\/02-teatro-la-lira-400x312.jpg\" alt=\"Teatro de la Lira\" width=\"400\" height=\"312\" class=\"size-medium wp-image-1336\" srcset=\"https:\/\/saezvigueras.es\/wordpress\/wp-content\/uploads\/2017\/03\/02-teatro-la-lira-400x312.jpg 400w, https:\/\/saezvigueras.es\/wordpress\/wp-content\/uploads\/2017\/03\/02-teatro-la-lira-1024x798.jpg 1024w, https:\/\/saezvigueras.es\/wordpress\/wp-content\/uploads\/2017\/03\/02-teatro-la-lira-384x300.jpg 384w, https:\/\/saezvigueras.es\/wordpress\/wp-content\/uploads\/2017\/03\/02-teatro-la-lira.jpg 2000w\" sizes=\"auto, (max-width: 400px) 100vw, 400px\" \/><\/a><p id=\"caption-attachment-1336\" class=\"wp-caption-text\">Teatro de la Lira. Ripoll. (Girona).<\/p><\/div>\n<p style=\"text-align: justify; padding-left: 30px;\"><span style=\"font-family: Verdana;\" data-mce-mark=\"1\"><i>Todas sus obras tienen un fuerte sentido del lugar y est\u00e1n fuertemente conectadas con el paisaje circundante. Esta conexi\u00f3n proviene de la comprensi\u00f3n \u2013de la historia, la topograf\u00eda natural, las costumbres y las culturas, entre otras cosas- y de la observaci\u00f3n y la experimentaci\u00f3n de la luz, la sombra, los colores y las estaciones. La ubicaci\u00f3n de los edificios, la elecci\u00f3n de los materiales y las geometr\u00edas utilizadas siempre tienen por objeto resaltar las condiciones naturales para llevarlas al edificio. La Bodega Bell-Lloc (2007), por ejemplo, en la localidad de Palam\u00f3s -cerca de Girona, Espa\u00f1a-, se trata sobre la tierra donde crece la uva, las frescas bodegas oscuras necesarias para el envejecimiento del vino, y el color y el peso de la tierra. El uso extensivo del acero reciclado fusiona el edificio con la tierra y las aberturas entre los listones de acero permiten el ingreso indirecto de la luz.<\/i><\/span><\/p>\n<div id=\"attachment_1337\" style=\"width: 410px\" class=\"wp-caption aligncenter\"><a href=\"http:\/\/saezvigueras.es\/wordpress\/wp-content\/uploads\/2017\/03\/03-Bell\u2013Lloc_Winery_\u00a9_Hisao_Suzuki.jpg\"><img loading=\"lazy\" decoding=\"async\" aria-describedby=\"caption-attachment-1337\" src=\"http:\/\/saezvigueras.es\/wordpress\/wp-content\/uploads\/2017\/03\/03-Bell\u2013Lloc_Winery_\u00a9_Hisao_Suzuki-400x284.jpg\" alt=\"Bodega Bell\u2013Lloc. Palamo?s, Girona\" width=\"400\" height=\"284\" class=\"size-medium wp-image-1337\" srcset=\"https:\/\/saezvigueras.es\/wordpress\/wp-content\/uploads\/2017\/03\/03-Bell\u2013Lloc_Winery_\u00a9_Hisao_Suzuki-400x284.jpg 400w, https:\/\/saezvigueras.es\/wordpress\/wp-content\/uploads\/2017\/03\/03-Bell\u2013Lloc_Winery_\u00a9_Hisao_Suzuki-1024x729.jpg 1024w, https:\/\/saezvigueras.es\/wordpress\/wp-content\/uploads\/2017\/03\/03-Bell\u2013Lloc_Winery_\u00a9_Hisao_Suzuki-421x300.jpg 421w, https:\/\/saezvigueras.es\/wordpress\/wp-content\/uploads\/2017\/03\/03-Bell\u2013Lloc_Winery_\u00a9_Hisao_Suzuki.jpg 1404w\" sizes=\"auto, (max-width: 400px) 100vw, 400px\" \/><\/a><p id=\"caption-attachment-1337\" class=\"wp-caption-text\">Bodega Bell\u2013Lloc. Palamo?s, Girona<\/p><\/div>\n<p style=\"text-align: justify; padding-left: 30px;\"><span style=\"font-family: Verdana;\" data-mce-mark=\"1\"><i>El proyecto \u2018La Marquesina\u2019 (2011), un comedor al aire libre y espacio para eventos en el restaurante Les Cols en Olot, es otro ejemplo de la fusi\u00f3n entre el paisaje y los materiales modernos m\u00ednimos, logrando crear un lugar \u00fatil y popular. Algunos han dicho que les recuerda aquellos lugares para comidas campestres con familiares y amigos. El espacio encaja en un valle esculpido en el paisaje por los arquitectos. Las fuertes paredes de piedra volc\u00e1nica soportan un techo de pol\u00edmero ligero y transparente, para protegerlo de la lluvia y el sol. Los muebles y las persianas verticales que pueden subdividir el espacio, son tambi\u00e9n de pl\u00e1stico transparente, lo que pone el \u00e9nfasis en la comida, las fiestas y el entorno natural.<\/i><\/span><\/p>\n<div id=\"attachment_1338\" style=\"width: 410px\" class=\"wp-caption aligncenter\"><a href=\"http:\/\/saezvigueras.es\/wordpress\/wp-content\/uploads\/2017\/03\/04-Les_Cols_Restaurant_Marquee_\u00a9_Hisao_Suzuki_.jpg\"><img loading=\"lazy\" decoding=\"async\" aria-describedby=\"caption-attachment-1338\" src=\"http:\/\/saezvigueras.es\/wordpress\/wp-content\/uploads\/2017\/03\/04-Les_Cols_Restaurant_Marquee_\u00a9_Hisao_Suzuki_-400x207.jpg\" alt=\"La Marquesina. Restaurante Les Cols. \" width=\"400\" height=\"207\" class=\"size-medium wp-image-1338\" srcset=\"https:\/\/saezvigueras.es\/wordpress\/wp-content\/uploads\/2017\/03\/04-Les_Cols_Restaurant_Marquee_\u00a9_Hisao_Suzuki_-400x207.jpg 400w, https:\/\/saezvigueras.es\/wordpress\/wp-content\/uploads\/2017\/03\/04-Les_Cols_Restaurant_Marquee_\u00a9_Hisao_Suzuki_-1024x530.jpg 1024w, https:\/\/saezvigueras.es\/wordpress\/wp-content\/uploads\/2017\/03\/04-Les_Cols_Restaurant_Marquee_\u00a9_Hisao_Suzuki_-425x220.jpg 425w, https:\/\/saezvigueras.es\/wordpress\/wp-content\/uploads\/2017\/03\/04-Les_Cols_Restaurant_Marquee_\u00a9_Hisao_Suzuki_.jpg 1582w\" sizes=\"auto, (max-width: 400px) 100vw, 400px\" \/><\/a><p id=\"caption-attachment-1338\" class=\"wp-caption-text\">La Marquesina. Restaurante Les Cols. Olot, (Girona)<\/p><\/div>\n<p style=\"text-align: justify; padding-left: 30px;\"><span style=\"font-family: Verdana;\" data-mce-mark=\"1\"><i>En otras obras, como su propia oficina (2007) -una antigua fundici\u00f3n construida a principios del siglo XX-, la yuxtaposici\u00f3n entre el pasado y el presente se realiza de manera m\u00e1s reflexiva, clara y respetuosa. As\u00ed como el exterior y el interior est\u00e1n estrechamente entrelazados en sus obras, tambi\u00e9n lo est\u00e1n lo nuevo y lo viejo. Todo el edificio industrial original que pod\u00eda mantenerse, se dej\u00f3 tal cual c\u00f3mo estaba. Al agregar nuevos elementos s\u00f3lo cuando es necesario, y al utilizar materiales contrastantes, los arquitectos demuestran su amor por la tradici\u00f3n y la innovaci\u00f3n. El edificio resultante, denominado Laboratorio Barber\u00ed, se compone de espacios variados, flexibles y altamente funcionales. A pesar de que Rafael Aranda, Carme Pigem y Ram\u00f3n Vilalta tienen un profundo sentido y conocimiento de la historia, utilizan materiales y t\u00e9cnicas modernas para crear espacios que no podr\u00edan haber sido creados antes.<\/i><\/span><\/p>\n<div id=\"attachment_1339\" style=\"width: 410px\" class=\"wp-caption aligncenter\"><a href=\"http:\/\/saezvigueras.es\/wordpress\/wp-content\/uploads\/2017\/03\/05-Barberi_Laboratory_\u00a9_Pep_Sau.jpg\"><img loading=\"lazy\" decoding=\"async\" aria-describedby=\"caption-attachment-1339\" src=\"http:\/\/saezvigueras.es\/wordpress\/wp-content\/uploads\/2017\/03\/05-Barberi_Laboratory_\u00a9_Pep_Sau-400x266.jpg\" alt=\"Laboratorio Barberi. Su oficina en Olot\" width=\"400\" height=\"266\" class=\"size-medium wp-image-1339\" srcset=\"https:\/\/saezvigueras.es\/wordpress\/wp-content\/uploads\/2017\/03\/05-Barberi_Laboratory_\u00a9_Pep_Sau-400x266.jpg 400w, https:\/\/saezvigueras.es\/wordpress\/wp-content\/uploads\/2017\/03\/05-Barberi_Laboratory_\u00a9_Pep_Sau-1024x682.jpg 1024w, https:\/\/saezvigueras.es\/wordpress\/wp-content\/uploads\/2017\/03\/05-Barberi_Laboratory_\u00a9_Pep_Sau-425x283.jpg 425w, https:\/\/saezvigueras.es\/wordpress\/wp-content\/uploads\/2017\/03\/05-Barberi_Laboratory_\u00a9_Pep_Sau.jpg 1500w\" sizes=\"auto, (max-width: 400px) 100vw, 400px\" \/><\/a><p id=\"caption-attachment-1339\" class=\"wp-caption-text\">Laboratorio Barberi. Su oficina en Olot.<\/p><\/div>\n<p style=\"text-align: justify; padding-left: 30px;\"><span style=\"font-family: Verdana;\" data-mce-mark=\"1\"><i>Comunidad es otra palabra que viene a la mente al hablar de la obra de Aranda, Pigem y Vilalta. Tanto en el luminoso y colorido Jard\u00edn Infantil El Petit Comte, en Besal\u00fa, Girona (2010), y la Biblioteca Sant Antoni &#8211; Joan Oliver, Centro de Ancianos y Jardines C\u00e1ndida P\u00e9rez en Barcelona (2007), las personas que habitar\u00e1n los espacios est\u00e1n en la primera l\u00ednea de sus preocupaciones. Es obvio al ver los colores de los tubos que definen el exterior de la escuela que esta es para el disfrute de los ni\u00f1os, la creatividad y la fantas\u00eda. La biblioteca -un encargo ganado a trav\u00e9s de un concurso, al igual que muchos de los proyectos de RCR-, se sit\u00faa en medio del tejido de la ciudad, y es un equipamiento necesario para esta parte de Barcelona. Los visitantes son bienvenidos a la biblioteca. La riqueza y la variedad de espacios invitan a la exploraci\u00f3n y son bastante cotidianos, creando un ambiente relajado y amistoso. La biblioteca tambi\u00e9n act\u00faa como un acceso a un patio interior. El centro de ancianos mira hacia este espacio donde los ni\u00f1os, los asistentes a la biblioteca, los vecinos y las personas mayores pueden mezclarse.<\/i><\/span><\/p>\n<div id=\"attachment_1340\" style=\"width: 410px\" class=\"wp-caption aligncenter\"><a href=\"http:\/\/saezvigueras.es\/wordpress\/wp-content\/uploads\/2017\/03\/06-El_Petit_Comte_Kindergarten_\u00a9_Hisao_Suzuki_.jpg\"><img loading=\"lazy\" decoding=\"async\" aria-describedby=\"caption-attachment-1340\" src=\"http:\/\/saezvigueras.es\/wordpress\/wp-content\/uploads\/2017\/03\/06-El_Petit_Comte_Kindergarten_\u00a9_Hisao_Suzuki_-400x294.jpg\" alt=\"Guarder\u00eda El Petit Comte. Besalu?\" width=\"400\" height=\"294\" class=\"size-medium wp-image-1340\" srcset=\"https:\/\/saezvigueras.es\/wordpress\/wp-content\/uploads\/2017\/03\/06-El_Petit_Comte_Kindergarten_\u00a9_Hisao_Suzuki_-400x294.jpg 400w, https:\/\/saezvigueras.es\/wordpress\/wp-content\/uploads\/2017\/03\/06-El_Petit_Comte_Kindergarten_\u00a9_Hisao_Suzuki_-1024x754.jpg 1024w, https:\/\/saezvigueras.es\/wordpress\/wp-content\/uploads\/2017\/03\/06-El_Petit_Comte_Kindergarten_\u00a9_Hisao_Suzuki_-407x300.jpg 407w, https:\/\/saezvigueras.es\/wordpress\/wp-content\/uploads\/2017\/03\/06-El_Petit_Comte_Kindergarten_\u00a9_Hisao_Suzuki_.jpg 1357w\" sizes=\"auto, (max-width: 400px) 100vw, 400px\" \/><\/a><p id=\"caption-attachment-1340\" class=\"wp-caption-text\">Guarder\u00eda El Petit Comte. Besalu?, (Girona)<\/p><\/div>\n<p style=\"text-align: justify; padding-left: 30px;\"><span style=\"font-family: Verdana;\" data-mce-mark=\"1\"><i>Los arquitectos tambi\u00e9n han abordado importantes obras fuera de Catalu\u00f1a. Han construido en B\u00e9lgica y Francia. El Museo Soulages (Rodez, Francia), de 2014, alberga, por ejemplo, las obras del pintor abstracto Pierre Soulages y forma una simbiosis con el artista que parece pintar a trav\u00e9s de la luz. Este edificio de acero y fuertes formas geom\u00e9tricas vuela sobre el terreno, desafiando aparentemente la gravedad y entrando en pleno di\u00e1logo con el paisaje, como la mayor\u00eda de sus obras. Los arquitectos han tratado de crear \u00abun espacio lo m\u00e1s cercano posible a la naturaleza, mejorando nuestra sensaci\u00f3n de que somos parte de ella\u00bb.<\/i><\/span><\/p>\n<div id=\"attachment_1341\" style=\"width: 410px\" class=\"wp-caption aligncenter\"><a href=\"http:\/\/saezvigueras.es\/wordpress\/wp-content\/uploads\/2017\/03\/07-Soulages_Museum_3_\u00a9_Hisao_Suzuki.jpg\"><img loading=\"lazy\" decoding=\"async\" aria-describedby=\"caption-attachment-1341\" src=\"http:\/\/saezvigueras.es\/wordpress\/wp-content\/uploads\/2017\/03\/07-Soulages_Museum_3_\u00a9_Hisao_Suzuki-400x227.jpg\" alt=\"Museo Soulages. Rodez\" width=\"400\" height=\"227\" class=\"size-medium wp-image-1341\" srcset=\"https:\/\/saezvigueras.es\/wordpress\/wp-content\/uploads\/2017\/03\/07-Soulages_Museum_3_\u00a9_Hisao_Suzuki-400x227.jpg 400w, https:\/\/saezvigueras.es\/wordpress\/wp-content\/uploads\/2017\/03\/07-Soulages_Museum_3_\u00a9_Hisao_Suzuki-1024x582.jpg 1024w, https:\/\/saezvigueras.es\/wordpress\/wp-content\/uploads\/2017\/03\/07-Soulages_Museum_3_\u00a9_Hisao_Suzuki-425x241.jpg 425w, https:\/\/saezvigueras.es\/wordpress\/wp-content\/uploads\/2017\/03\/07-Soulages_Museum_3_\u00a9_Hisao_Suzuki.jpg 1582w\" sizes=\"auto, (max-width: 400px) 100vw, 400px\" \/><\/a><p id=\"caption-attachment-1341\" class=\"wp-caption-text\">Museo Soulages. Rodez, (France)<\/p><\/div>\n<p style=\"text-align: justify; padding-left: 30px;\"><span style=\"font-family: Verdana;\" data-mce-mark=\"1\"><i>En este momento de nuestra historia, existe una importante pregunta que todos se est\u00e1n haciendo alrededor del mundo, y no se trata s\u00f3lo de arquitectura; se trata de la ley, la pol\u00edtica y el gobierno. Vivimos en un mundo globalizado donde debemos confiar en las influencias internacionales, el comercio, la discusi\u00f3n, las transacciones, etc. Pero cada vez m\u00e1s personas temen que, debido a esta influencia internacional, perdamos nuestros valores locales, nuestro arte local y nuestras costumbres locales. Est\u00e1n preocupados y a veces asustados. Rafael Aranda, Carme Pigem y Ram\u00f3n Vilalta nos recuerdan que es posible tener ambos. Nos ayudan a ver, de una manera bella y po\u00e9tica, que la respuesta a la pregunta no es \u00abuna o la otra\u00bb y que podemos, al menos en la arquitectura, aspirar a tener ambas cosas: nuestras ra\u00edces firmemente en el lugar y nuestros brazos extendidos hacia el resto del mundo. Y esa es una respuesta maravillosamente tranquilizadora, sobre todo si se aplica tambi\u00e9n en otras \u00e1reas de la vida humana moderna.<\/i><\/span><\/p>\n<div id=\"attachment_1342\" style=\"width: 304px\" class=\"wp-caption aligncenter\"><a href=\"http:\/\/saezvigueras.es\/wordpress\/wp-content\/uploads\/2017\/03\/08-Biblioteca-Sant-Antoni-Joan-Oliver.jpg\"><img loading=\"lazy\" decoding=\"async\" aria-describedby=\"caption-attachment-1342\" src=\"http:\/\/saezvigueras.es\/wordpress\/wp-content\/uploads\/2017\/03\/08-Biblioteca-Sant-Antoni-Joan-Oliver-294x400.jpg\" alt=\"Biblioteca Sant Antoni \u2013 Joan Oliver\" width=\"294\" height=\"400\" class=\"size-medium wp-image-1342\" srcset=\"https:\/\/saezvigueras.es\/wordpress\/wp-content\/uploads\/2017\/03\/08-Biblioteca-Sant-Antoni-Joan-Oliver-294x400.jpg 294w, https:\/\/saezvigueras.es\/wordpress\/wp-content\/uploads\/2017\/03\/08-Biblioteca-Sant-Antoni-Joan-Oliver-220x300.jpg 220w, https:\/\/saezvigueras.es\/wordpress\/wp-content\/uploads\/2017\/03\/08-Biblioteca-Sant-Antoni-Joan-Oliver.jpg 528w\" sizes=\"auto, (max-width: 294px) 100vw, 294px\" \/><\/a><p id=\"caption-attachment-1342\" class=\"wp-caption-text\">Biblioteca Sant Antoni \u2013 Joan Oliver. Barcelona<\/p><\/div>\n<p style=\"text-align: justify; padding-left: 30px;\"><span style=\"font-family: Verdana;\" data-mce-mark=\"1\"><i>Cada edificio dise\u00f1ado por estos arquitectos es especial y es intransigente de su tiempo y lugar. Sus obras son siempre fruto de una verdadera colaboraci\u00f3n y el servicio de la comunidad. Ellos entienden que la arquitectura y sus alrededores est\u00e1n \u00edntimamente entrelazados y saben que la elecci\u00f3n de los materiales y el arte de la construcci\u00f3n son herramientas poderosas para crear espacios duraderos y significativos. Rafael Aranda, Carme Pigem y Ram\u00f3n Vilalta son galardonados con el Premio Pritzker de Arquitectura 2017, por las razones ejemplificadas en toda su obra construida y por su capacidad de expresar lo local, pero tambi\u00e9n lo universal, uni\u00e9ndonos a trav\u00e9s de la arquitectura.<\/i><\/span><\/p>\n<p><a href=\"http:\/\/saezvigueras.es\/wordpress\/wp-content\/uploads\/2017\/03\/09-Trabajando.jpg\"><img loading=\"lazy\" decoding=\"async\" src=\"http:\/\/saezvigueras.es\/wordpress\/wp-content\/uploads\/2017\/03\/09-Trabajando-1024x718.jpg\" alt=\"09 Trabajando\" width=\"550\" height=\"385\" class=\"aligncenter size-large wp-image-1343\" srcset=\"https:\/\/saezvigueras.es\/wordpress\/wp-content\/uploads\/2017\/03\/09-Trabajando-1024x718.jpg 1024w, https:\/\/saezvigueras.es\/wordpress\/wp-content\/uploads\/2017\/03\/09-Trabajando-400x280.jpg 400w, https:\/\/saezvigueras.es\/wordpress\/wp-content\/uploads\/2017\/03\/09-Trabajando-425x298.jpg 425w, https:\/\/saezvigueras.es\/wordpress\/wp-content\/uploads\/2017\/03\/09-Trabajando.jpg 1425w\" sizes=\"auto, (max-width: 550px) 100vw, 550px\" \/><\/a><\/p>\n<p style=\"text-align: justify;\"><span style=\"font-family: Verdana;\">La ceremonia de entrega del Premio Pritzker se llevar\u00e1 a cabo en la Casa de Hu\u00e9spedes del Estado del Palacio Akasaka en Tokio, Jap\u00f3n, el 20 de mayo del 2017. Y como dice Ram\u00f3n Vilalta: \u201cSe tienen que alinear planetas para que pasen estas cosas. Para nosotros Jap\u00f3n es un lugar muy especial y que la ceremonia sea all\u00ed\u2026 \u00a1seguro lo disfrutaremos mucho!\u201d.<\/span><\/p>\n","protected":false},"excerpt":{"rendered":"<p>RCR Arquitectes logran el premio Pritzker 2017. Noticia que leo con inusitada alegr&iacute;a y admiraci&oacute;n. Alegr&iacute;a porque veinti&uacute;n a&ntilde;os despu&eacute;s que Rafael Moneo fuera el primer espa&ntilde;ol en recibir el mayor galard&oacute;n que un arquitecto pueda recibir en nuestra profesi&oacute;n, el equipo formado por Rafael Aranda, Carme Pigem y Ram&oacute;n Vilalta (RCR Arquitectes) con sede en Olot (Girona), una poblaci&oacute;n&#8230; <a href=\"https:\/\/saezvigueras.es\/wordpress\/?p=1315\">Leer m\u00e1s &raquo;<\/a><\/p>\n","protected":false},"author":2,"featured_media":1322,"comment_status":"open","ping_status":"closed","sticky":false,"template":"","format":"standard","meta":{"ngg_post_thumbnail":0,"footnotes":""},"categories":[4],"tags":[35,97],"class_list":["post-1315","post","type-post","status-publish","format-standard","has-post-thumbnail","hentry","category-nos-gusta","tag-pritzker","tag-rcr"],"_links":{"self":[{"href":"https:\/\/saezvigueras.es\/wordpress\/index.php?rest_route=\/wp\/v2\/posts\/1315","targetHints":{"allow":["GET"]}}],"collection":[{"href":"https:\/\/saezvigueras.es\/wordpress\/index.php?rest_route=\/wp\/v2\/posts"}],"about":[{"href":"https:\/\/saezvigueras.es\/wordpress\/index.php?rest_route=\/wp\/v2\/types\/post"}],"author":[{"embeddable":true,"href":"https:\/\/saezvigueras.es\/wordpress\/index.php?rest_route=\/wp\/v2\/users\/2"}],"replies":[{"embeddable":true,"href":"https:\/\/saezvigueras.es\/wordpress\/index.php?rest_route=%2Fwp%2Fv2%2Fcomments&post=1315"}],"version-history":[{"count":29,"href":"https:\/\/saezvigueras.es\/wordpress\/index.php?rest_route=\/wp\/v2\/posts\/1315\/revisions"}],"predecessor-version":[{"id":1358,"href":"https:\/\/saezvigueras.es\/wordpress\/index.php?rest_route=\/wp\/v2\/posts\/1315\/revisions\/1358"}],"wp:featuredmedia":[{"embeddable":true,"href":"https:\/\/saezvigueras.es\/wordpress\/index.php?rest_route=\/wp\/v2\/media\/1322"}],"wp:attachment":[{"href":"https:\/\/saezvigueras.es\/wordpress\/index.php?rest_route=%2Fwp%2Fv2%2Fmedia&parent=1315"}],"wp:term":[{"taxonomy":"category","embeddable":true,"href":"https:\/\/saezvigueras.es\/wordpress\/index.php?rest_route=%2Fwp%2Fv2%2Fcategories&post=1315"},{"taxonomy":"post_tag","embeddable":true,"href":"https:\/\/saezvigueras.es\/wordpress\/index.php?rest_route=%2Fwp%2Fv2%2Ftags&post=1315"}],"curies":[{"name":"wp","href":"https:\/\/api.w.org\/{rel}","templated":true}]}}