{"id":1253,"date":"2013-09-27T13:46:46","date_gmt":"2013-09-27T11:46:46","guid":{"rendered":"http:\/\/saezvigueras.es\/wordpress\/?p=1253"},"modified":"2018-06-09T11:26:17","modified_gmt":"2018-06-09T09:26:17","slug":"el-espiritu-de-los-nombres","status":"publish","type":"post","link":"https:\/\/saezvigueras.es\/wordpress\/?p=1253","title":{"rendered":"El esp\u00edritu de los nombres."},"content":{"rendered":"<p style=\"text-align: justify;\"><span style=\"font-family: Verdana;\">Las buenas casas tienen nombres sugerentes. Y no me refiero al trasnochado \u201cVilla Amparito\u201d, claro est\u00e1, sino a algo similar a lo que sucede con esos nombres culinarios tan atractivos que s\u00f3lo oy\u00e9ndolos uno ya empieza el disfrute del plato, imagin\u00e1ndose un sinf\u00edn de olores y sabores.<\/span><\/p>\n<p style=\"text-align: justify;\"><span style=\"font-family: Verdana;\">As\u00ed pues, una casa a la que llaman \u201cde la Barbacoa\u201d hace que mi imaginaci\u00f3n se traslade de inmediato a una soleada tarde de domingo, con toda la familia reunida alegremente en torno a la mesa en el jard\u00edn, bajo la copa de un gran \u00e1rbol\u2026 Sosiego, brisa fresca y disfrute de lo mejor de la vida\u2026 \u00a1Y no he visto todav\u00eda ni el proyecto ni sus fotograf\u00edas!<\/span><\/p>\n<p style=\"text-align: center;\"><a href=\"http:\/\/saezvigueras.es\/wordpress\/wp-content\/uploads\/2013\/09\/casa-barbacoa.jpg\" target=\"_blank\"><img loading=\"lazy\" decoding=\"async\" class=\"aligncenter size-full wp-image-1264\" alt=\"casa barbacoa\" src=\"http:\/\/saezvigueras.es\/wordpress\/wp-content\/uploads\/2013\/09\/casa-barbacoa.jpg\" width=\"550\" height=\"362\" srcset=\"https:\/\/saezvigueras.es\/wordpress\/wp-content\/uploads\/2013\/09\/casa-barbacoa.jpg 996w, https:\/\/saezvigueras.es\/wordpress\/wp-content\/uploads\/2013\/09\/casa-barbacoa-400x263.jpg 400w, https:\/\/saezvigueras.es\/wordpress\/wp-content\/uploads\/2013\/09\/casa-barbacoa-425x279.jpg 425w\" sizes=\"auto, (max-width: 550px) 100vw, 550px\" \/><\/a><\/p>\n<p style=\"text-align: justify;\"><span style=\"font-family: Verdana;\">Y cuando descubro la realidad veo que sus propietarios, una pareja de ancianos con una amplia familia, quer\u00edan tan s\u00f3lo un lugar de reuni\u00f3n, tal vez para pasar all\u00ed el est\u00edo. Un deseo que el arquitecto Pepe Gasc\u00f3n entiende y plasma perfectamente ejecutando una casa sencilla, tan s\u00f3lo un muro, el de la barbacoa, donde bajo un techo sin revestimientos acristala un espacio que encuentra su esencia en el di\u00e1logo con el exterior. Es all\u00ed donde la familia se re\u00fane bajo los pinos para poder charlar y disfrutar de esos maravillosos instantes, que son siempre los \u00fanicos que realmente cuentan\u2026<\/span><\/p>\n<p style=\"text-align: justify;\"><span style=\"font-family: Verdana;\">Otro ejemplo es el lujurioso, por largo, y a la vez enso\u00f1ador nombre de la casa \u201cUn Bosque para una Admiradora de la Luna\u201d\u2026 Aqu\u00ed me imagino una casa de cuento junto a un bosque m\u00e1gico, donde me puedo tumbar a observar la luna, todo ello en un ambiente relajado y c\u00e1lido.<\/span><\/p>\n<p style=\"text-align: center;\"><a href=\"http:\/\/saezvigueras.es\/wordpress\/wp-content\/uploads\/2013\/09\/unbosqueparaunaadmiradoradelaluna.jpg\" target=\"_blank\"><img loading=\"lazy\" decoding=\"async\" class=\"aligncenter size-full wp-image-1263\" alt=\"unbosqueparaunaadmiradoradelaluna\" src=\"http:\/\/saezvigueras.es\/wordpress\/wp-content\/uploads\/2013\/09\/unbosqueparaunaadmiradoradelaluna.jpg\" width=\"550\" height=\"366\" srcset=\"https:\/\/saezvigueras.es\/wordpress\/wp-content\/uploads\/2013\/09\/unbosqueparaunaadmiradoradelaluna.jpg 800w, https:\/\/saezvigueras.es\/wordpress\/wp-content\/uploads\/2013\/09\/unbosqueparaunaadmiradoradelaluna-400x266.jpg 400w, https:\/\/saezvigueras.es\/wordpress\/wp-content\/uploads\/2013\/09\/unbosqueparaunaadmiradoradelaluna-425x283.jpg 425w\" sizes=\"auto, (max-width: 550px) 100vw, 550px\" \/><\/a><\/p>\n<p style=\"text-align: justify;\"><span style=\"font-family: Verdana;\">Y as\u00ed es la casa que el arquitecto costarricense Benjam\u00edn Garc\u00eda Saxe proyecta para su madre lejos del bullicio de la ciudad, y que construye con troncos de \u00e1rboles, mosquiteras y chapa, con una simplicidad de medios abrumadora, pero hermosa como muchas otras quisieran. Con una zona para estar, contemplando el bosque, y otra zona para dormir, donde contemplar la luna y, seg\u00fan cuenta ella, acordarse tanto de \u00e9l como de su hermano.<\/span><\/p>\n<p style=\"text-align: justify;\"><span style=\"font-family: Verdana;\">\u00bfY qu\u00e9 decir del nombre de \u201cCapilla del Atardecer\u201d? All\u00ed no me imagino otra cosa que recogimiento y agradecimiento, por esos momentos divinos, mil veces \u00fanicos, siempre a la espera del nuevo sol.<\/span><\/p>\n<p style=\"text-align: center;\"><a href=\"http:\/\/saezvigueras.es\/wordpress\/wp-content\/uploads\/2013\/09\/capilladelatardecer.jpg\" target=\"_blank\"><img loading=\"lazy\" decoding=\"async\" class=\"aligncenter size-full wp-image-1261\" alt=\"capilladelatardecer\" src=\"http:\/\/saezvigueras.es\/wordpress\/wp-content\/uploads\/2013\/09\/capilladelatardecer.jpg\" width=\"550\" height=\"366\" srcset=\"https:\/\/saezvigueras.es\/wordpress\/wp-content\/uploads\/2013\/09\/capilladelatardecer.jpg 1000w, https:\/\/saezvigueras.es\/wordpress\/wp-content\/uploads\/2013\/09\/capilladelatardecer-400x266.jpg 400w, https:\/\/saezvigueras.es\/wordpress\/wp-content\/uploads\/2013\/09\/capilladelatardecer-425x283.jpg 425w\" sizes=\"auto, (max-width: 550px) 100vw, 550px\" \/><\/a><\/p>\n<p style=\"text-align: justify;\"><span style=\"font-family: Verdana;\">Y con ese pensamiento los arquitectos mejicanos BNKR Arquitectura, materializan el encargo de construir una peque\u00f1a capilla en un enclave privilegiado, con el \u00fanico requisito de ver el sol ponerse exactamente detr\u00e1s de la cruz del altar en los dos d\u00edas de los equinoccios. Para ello vuelcan el espacio hacia el horizonte, el agua y los \u00e1rboles, tamizando la luz de tal manera que la magia se apodera de los espectadores.<\/span><\/p>\n<p><a href=\"http:\/\/saezvigueras.es\/wordpress\/wp-content\/uploads\/2013\/09\/Ring_House.jpg\"><img loading=\"lazy\" decoding=\"async\" class=\"aligncenter size-full wp-image-1262\" alt=\"Ring_House\" src=\"http:\/\/saezvigueras.es\/wordpress\/wp-content\/uploads\/2013\/09\/Ring_House.jpg\" width=\"500\" height=\"666\" srcset=\"https:\/\/saezvigueras.es\/wordpress\/wp-content\/uploads\/2013\/09\/Ring_House.jpg 768w, https:\/\/saezvigueras.es\/wordpress\/wp-content\/uploads\/2013\/09\/Ring_House-300x400.jpg 300w, https:\/\/saezvigueras.es\/wordpress\/wp-content\/uploads\/2013\/09\/Ring_House-225x300.jpg 225w\" sizes=\"auto, (max-width: 500px) 100vw, 500px\" \/><\/a><\/p>\n<p style=\"text-align: justify;\"><span style=\"font-family: Verdana;\">Y ser\u00eda imperdonable no mencionar aqu\u00ed la sensibilidad japonesa con, por ejemplo, la \u201cRing House\u201d (la \u201cCasa de los Anillos\u201d, por su forma, pero tambi\u00e9n llamada la \u201cCasa en el Bosque\u201d) donde Takei-Nabeshima-Architects \u201cdeconstruyen\u201d (como dir\u00eda Ferr\u00e1n Adri\u00e0) una casa en forma de anillos, eliminando cualquier referencia dom\u00e9stica para conseguir un \u201cobjeto\u201d anular que permite la visi\u00f3n de 360\u00ba de su entorno boscoso\u2026 No hay fachada principal, no hay trasera, aqu\u00ed lo \u00fanico principal es el paisaje\u2026<\/span><\/p>\n<p><a href=\"http:\/\/saezvigueras.es\/wordpress\/wp-content\/uploads\/2013\/09\/balancing-barn.jpg\"><img loading=\"lazy\" decoding=\"async\" class=\"aligncenter size-full wp-image-1260\" alt=\"balancing-barn\" src=\"http:\/\/saezvigueras.es\/wordpress\/wp-content\/uploads\/2013\/09\/balancing-barn.jpg\" width=\"550\" height=\"413\" srcset=\"https:\/\/saezvigueras.es\/wordpress\/wp-content\/uploads\/2013\/09\/balancing-barn.jpg 1100w, https:\/\/saezvigueras.es\/wordpress\/wp-content\/uploads\/2013\/09\/balancing-barn-400x300.jpg 400w, https:\/\/saezvigueras.es\/wordpress\/wp-content\/uploads\/2013\/09\/balancing-barn-1024x768.jpg 1024w\" sizes=\"auto, (max-width: 550px) 100vw, 550px\" \/><\/a><\/p>\n<p style=\"text-align: justify;\"><span style=\"font-family: Verdana;\">Y como \u00faltima muestra <a title=\"Ver post Granero en equilibrio\" href=\"http:\/\/saezvigueras.es\/wordpress\/?p=463\" target=\"_blank\">\u201cThe Balancing Barn\u201d<\/a> (\u201cEl Granero en Equilibrio o \u201cCasa del Columpio\u201d) de mis admirados holandeses MVRDV \u00a1Y claro que tiene un columpio! Y como le sucede a los ni\u00f1os cuando llegan al parque y se abalanzan hacia \u201csu\u201d columpio, aqu\u00ed los hu\u00e9spedes (la casa se alquila por semanas) \u201cgozan\u201d y disfrutan de la maravillosa campi\u00f1a inglesa durante su estancia. Pero es m\u00e1s, la propia arquitectura es un columpio en s\u00ed misma. Apoyada sobre un terrapl\u00e9n en un punto de justo equilibrio, parece balancearse a la vez que la ni\u00f1a lo hace en el columpio que cuelga de su extremo. \u00a1As\u00ed de comprometida con el mundo de las sensaciones se encuentra esta casa!<\/span><\/p>\n<p style=\"text-align: justify;\"><span style=\"font-family: Verdana;\">Como deber\u00edan de estarlo todas, \u00bfo no?&#8230;<\/span><\/p>\n","protected":false},"excerpt":{"rendered":"<p>Las buenas casas tienen nombres sugerentes. Y no me refiero al trasnochado &ldquo;Villa Amparito&rdquo;, claro est&aacute;, sino a algo similar a lo que sucede con esos nombres culinarios tan atractivos que s&oacute;lo oy&eacute;ndolos uno ya empieza el disfrute del plato, imagin&aacute;ndose un sinf&iacute;n de olores y sabores. As&iacute; pues, una casa a la que llaman &ldquo;de la Barbacoa&rdquo; hace que&#8230; <a href=\"https:\/\/saezvigueras.es\/wordpress\/?p=1253\">Leer m\u00e1s &raquo;<\/a><\/p>\n","protected":false},"author":2,"featured_media":1264,"comment_status":"open","ping_status":"closed","sticky":false,"template":"","format":"standard","meta":{"ngg_post_thumbnail":0,"footnotes":""},"categories":[8],"tags":[20,91,88,89,90],"class_list":["post-1253","post","type-post","status-publish","format-standard","has-post-thumbnail","hentry","category-reflexiones","tag-balancing-barn","tag-capilla-del-atardecer","tag-casa-barbacoa","tag-casa-columpio","tag-ring-house"],"_links":{"self":[{"href":"https:\/\/saezvigueras.es\/wordpress\/index.php?rest_route=\/wp\/v2\/posts\/1253","targetHints":{"allow":["GET"]}}],"collection":[{"href":"https:\/\/saezvigueras.es\/wordpress\/index.php?rest_route=\/wp\/v2\/posts"}],"about":[{"href":"https:\/\/saezvigueras.es\/wordpress\/index.php?rest_route=\/wp\/v2\/types\/post"}],"author":[{"embeddable":true,"href":"https:\/\/saezvigueras.es\/wordpress\/index.php?rest_route=\/wp\/v2\/users\/2"}],"replies":[{"embeddable":true,"href":"https:\/\/saezvigueras.es\/wordpress\/index.php?rest_route=%2Fwp%2Fv2%2Fcomments&post=1253"}],"version-history":[{"count":12,"href":"https:\/\/saezvigueras.es\/wordpress\/index.php?rest_route=\/wp\/v2\/posts\/1253\/revisions"}],"predecessor-version":[{"id":1274,"href":"https:\/\/saezvigueras.es\/wordpress\/index.php?rest_route=\/wp\/v2\/posts\/1253\/revisions\/1274"}],"wp:featuredmedia":[{"embeddable":true,"href":"https:\/\/saezvigueras.es\/wordpress\/index.php?rest_route=\/wp\/v2\/media\/1264"}],"wp:attachment":[{"href":"https:\/\/saezvigueras.es\/wordpress\/index.php?rest_route=%2Fwp%2Fv2%2Fmedia&parent=1253"}],"wp:term":[{"taxonomy":"category","embeddable":true,"href":"https:\/\/saezvigueras.es\/wordpress\/index.php?rest_route=%2Fwp%2Fv2%2Fcategories&post=1253"},{"taxonomy":"post_tag","embeddable":true,"href":"https:\/\/saezvigueras.es\/wordpress\/index.php?rest_route=%2Fwp%2Fv2%2Ftags&post=1253"}],"curies":[{"name":"wp","href":"https:\/\/api.w.org\/{rel}","templated":true}]}}