{"id":1117,"date":"2013-01-21T20:00:17","date_gmt":"2013-01-21T18:00:17","guid":{"rendered":"http:\/\/saezvigueras.es\/wordpress\/?p=1117"},"modified":"2018-06-09T11:28:24","modified_gmt":"2018-06-09T09:28:24","slug":"delenda-est-architectura","status":"publish","type":"post","link":"https:\/\/saezvigueras.es\/wordpress\/?p=1117","title":{"rendered":"Delenda est architectura."},"content":{"rendered":"<p style=\"text-align: center;\"><a href=\"http:\/\/saezvigueras.es\/wordpress\/wp-content\/uploads\/2013\/01\/modulorrip.jpg\"><img loading=\"lazy\" decoding=\"async\" class=\"size-full wp-image-1146 aligncenter\" alt=\"R.I.P. Arquitectura\" src=\"http:\/\/saezvigueras.es\/wordpress\/wp-content\/uploads\/2013\/01\/modulorrip.jpg\" width=\"550\" height=\"195\" srcset=\"https:\/\/saezvigueras.es\/wordpress\/wp-content\/uploads\/2013\/01\/modulorrip.jpg 550w, https:\/\/saezvigueras.es\/wordpress\/wp-content\/uploads\/2013\/01\/modulorrip-400x141.jpg 400w, https:\/\/saezvigueras.es\/wordpress\/wp-content\/uploads\/2013\/01\/modulorrip-425x150.jpg 425w\" sizes=\"auto, (max-width: 550px) 100vw, 550px\" \/><\/a><\/p>\n<p style=\"text-align: justify;\"><span style=\"font-family: Verdana;\" data-mce-mark=\"1\">Corren tiempos dif\u00edciles para la profesi\u00f3n de arquitecto. A los efectos devastadores de la crisis econ\u00f3mica y financiera que nos envuelve, se suman ahora las pretensiones perversas del legislador con coartada liberal.\u00a0El gobierno a propuesta del Ministerio de Econom\u00eda est\u00e1 en v\u00edas de aprobar una nueva Ley de Servicios Profesionales que expropia las competencias propias del arquitecto, otorgadas por ley org\u00e1nica, para ponerlas en manos de las ingenier\u00edas. Por todo ello, en breve, un ingeniero agr\u00f3nomo o industrial podr\u00e1 firmar un proyecto para construir un edificio de viviendas, un hospital, un museo o un colegio. Esto supone de facto el fin de la profesi\u00f3n de arquitecto y, por extensi\u00f3n, de la arquitectura tal y como la conocemos.<\/span><\/p>\n<p style=\"text-align: justify;\"><span style=\"font-family: Verdana;\" data-mce-mark=\"1\"><span style=\"font-family: Verdana;\" data-mce-mark=\"1\">Ha de reconocerse que buena parte de la culpa de la actual situaci\u00f3n la tenemos los propios arquitectos que, como colectivo, no hemos sabido evolucionar y reivindicarnos en la sociedad actual, aportando el valor a\u00f1adido que sin duda atesora el trabajo del arquitecto. Por el contrario, en\u00a0demasiadas\u00a0ocasiones la profesi\u00f3n sigue percibi\u00e9ndose recubierta de esa p\u00e1tina de arrogancia heredada del pasado, anacr\u00f3nica e incompatible con la definici\u00f3n de un marco profesional con objetivos renovados de cara a una sociedad cada vez m\u00e1s globalizada.<\/span><\/span><\/p>\n<p style=\"text-align: justify;\"><span style=\"font-family: Verdana;\">Llegados aqu\u00ed, al borde del abismo, este desprestigiado colectivo por fin reacciona y en una suerte de \u00faltimas voluntades se suceden ahora los argumentos y manifiestos vindicativos, aunque me temo que sea ya muy tarde para modificar la derrota (en todas las acepciones del t\u00e9rmino) de los acontecimientos. Mucho se est\u00e1 escribiendo estos d\u00edas en defensa del arquitecto y de la Arquitectura, pero nada a mi juicio supera la conferencia magistral del gran Rafael de la Hoz Arderius, antiguo presidente del CSCAE y Medalla de Oro de la Arquitectura,\u00a0titulada <a title=\"delende est architectura\" href=\"http:\/\/www.gestiplan.com\/blog\/documentos\/2013\/1301_rafaeldelahoz.pdf\" target=\"_blank\">\u00abDelenda est Architectura\u00bb<\/a>, le\u00edda en Chicago en 1.993 con motivo del Congreso Mundial de la UIA, y cuyo t\u00edtulo est\u00e1 inspirado en la famosa frase \u00abCarthago delenda est\u00bb (Cartago debe ser destruida) pronunciada por Cat\u00f3n el Viejo y utilizada para hablar de una idea fija que se persigue sin descanso hasta que es realizada. A continuaci\u00f3n se transcriben algunos p\u00e1rrafos de lo que sin duda es el mejor legado en defensa de la arquitectura en estos tiempos dif\u00edciles:<\/span><\/p>\n<div id=\"attachment_1137\" style=\"width: 210px\" class=\"wp-caption aligncenter\"><a href=\"http:\/\/saezvigueras.es\/wordpress\/wp-content\/uploads\/2013\/01\/lahoz2.jpg\"><img loading=\"lazy\" decoding=\"async\" aria-describedby=\"caption-attachment-1137\" class=\"size-full wp-image-1137 \" alt=\"Rafael de la Hoz Arderius\" src=\"http:\/\/saezvigueras.es\/wordpress\/wp-content\/uploads\/2013\/01\/lahoz2.jpg\" width=\"200\" height=\"251\" \/><\/a><p id=\"caption-attachment-1137\" class=\"wp-caption-text\">Rafael de la Hoz Arderius<\/p><\/div>\n<p style=\"text-align: justify; padding-left: 30px;\"><span style=\"font-family: Verdana;\" data-mce-mark=\"1\"><i>\u00ab&#8230;\/&#8230; Soplan vientos de escepticismo, de crisis.\u00a0<\/i><i>El concepto \u00abcrisis\u00bb se representa desde los viejos tiempos de Catay por dos ideogramas:\u00a0<\/i><i>Un kenjy significa Angustia, el otro Esperanza.\u00a0<\/i><i>Y etimol\u00f3gicamente quiere decir lo que va de la Angustia a la Esperanza, esto es:\u00a0<\/i><i>Decisi\u00f3n.\u00a0<\/i><i>Con lo que se concluye que dicha situaci\u00f3n no es en s\u00ed misma negativa, sino la antesala de la Creatividad &#8230;\/&#8230;<\/i><\/span><\/p>\n<p style=\"text-align: justify; padding-left: 30px;\"><span style=\"font-family: Verdana;\" data-mce-mark=\"1\"><i>&#8230;\/&#8230; Hab\u00edamos constatado que una de las exigencias que el Mercado Com\u00fan pretende de sus arquitectos es que estos trabajen a cambio de honorarios \u00abbajo m\u00ednimos\u00bb y, si se tercia, por honorarios nulos.\u00a0<\/i><i>Para ello la consigna dada ha sido fomentar la insolidaridad y someter a los arquitectos a competitividad salvaje.\u00a0<\/i><i>A tal fin los \u00abexpertos\u00bb han utilizado dos recursos cl\u00e1sicos:\u00a0<\/i><i>Inundar el mercado de \u00abmercanc\u00edas\u00bb arquitectos y saldar los \u00abprecios\u00bb honorarios.\u00a0<\/i><i>El primer objetivo ha exigido una previa operaci\u00f3n, hoy casi consumada, consistente en la masificaci\u00f3n de la profesi\u00f3n.\u00a0<\/i><i>Este objetivo era ya un viejo sue\u00f1o de pol\u00edticos en la Espa\u00f1a de los \u00abduros cuarenta\u00bb.\u00a0<\/i><i>El Excmo. Ministro de Educaci\u00f3n Nacional, D. Jos\u00e9 lb\u00e1\u00f1ez Mart\u00edn, proclamaba con toda franqueza: \u00abNo descansar\u00e9 hasta ver a los arquitectos conduciendo tranv\u00edas\u00bb.\u00a0<\/i><i>Leg\u00edtima aspiraci\u00f3n que no se vi\u00f3 finalmente satisfecha, por carencia de tranv\u00edas\u00a0<\/i><i>&#8230;\/&#8230;<\/i><\/span><\/p>\n<p style=\"text-align: justify; padding-left: 30px;\"><span style=\"font-family: Verdana;\" data-mce-mark=\"1\"><i>&#8230;\/&#8230; En esta cultura del \u00abinstant-architect\u00bb, como en la del \u00abfast-food\u00bb, hay algo que no encaja del todo.\u00a0<\/i><i>La arquitectura no es tan solo un arte. Precisa de unas t\u00e9cnicas instrumentales para materializar la ideaci\u00f3n, -\u00fanico modo posible de creatividad-.\u00a0<\/i><i>No es poca cosa la formaci\u00f3n tecnol\u00f3gica que para ello se precisa.\u00a0<\/i><i>Seg\u00fan Vitruvio, hace ya 2.345 a\u00f1os, Pithius, autor de una de las siete maravillas, -el mausoleo de Halicarnaso- comentaba que \u00aba\u00fan comenzando desde ni\u00f1o, la complejidad de conocimientos que el arquitecto requiere es tal, que una vida entera no resulta suficiente para adquirirlos\u00bb.\u00a0<\/i><i>Tal vez por ello, a diferencia de la M\u00fasica, en Arquitectura jam\u00e1s hemos tenido genio alguno a los seis a\u00f1os de edad &#8230;\/&#8230;\u00a0<\/i><\/span><\/p>\n<p style=\"text-align: justify; padding-left: 30px;\"><span style=\"font-family: Verdana;\" data-mce-mark=\"1\"><i>&#8230;\/&#8230; Atrapados en el problema imposible de adaptar los planes de estudios al insuficiente tiempo de ense\u00f1anza disponible, los claustros de las Escuelas se encuentran hoy divididos entre &#8216;humanistas\u00bb y \u00abtecn\u00f3logos\u00bb. Cada grupo tratando de excluir al otro.\u00a0Peligroso planteamiento.\u00a0Cuando me dan a elegir entre A \u00f3 B -dec\u00eda Lyautey- es que sin duda debo de escoger A+ B\u00bb.\u00a0<\/i><i>No hay tal dilema: Tan solo una falaz falta del tiempo preciso para la ense\u00f1anza debida &#8230;\/&#8230;<\/i><i>\u00a0<\/i><\/span><\/p>\n<p style=\"text-align: justify; padding-left: 30px;\"><span style=\"font-family: Verdana;\" data-mce-mark=\"1\"><i>&#8230;\/&#8230; Por primera vez en la historia empiezan a salir de las Universidades Europeas generaciones peor preparadas que las de sus padres.\u00a0<\/i><i>La calidad del producto \u00abarquitecto\u00bb est\u00e1 lejos de ser \u00f3ptima.\u00a0<\/i><i>Parad\u00f3jicamente, pretendiendo crear arquitectos m\u00e1s competitivos, tan solo se ha logrado producir arquitectos menos competentes.\u00a0<\/i><i>La compleja formaci\u00f3n de los arquitectos -no es ocioso repetirlo- exige una duraci\u00f3n m\u00ednima irrebasable.\u00a0<\/i><i>No compete a los pol\u00edticos; y menos a los economistas de mercado, la determinaci\u00f3n de ese precioso espacio de tiempo &#8230;\/&#8230;<\/i><\/span><\/p>\n<p style=\"text-align: justify; padding-left: 30px;\"><span style=\"font-family: Verdana;\" data-mce-mark=\"1\"><i>&#8230;\/&#8230; Que somos arquitectos -y por ello hombres de Cultura-.\u00a0<\/i><i>Que somos profesionales liberales -y por tanto amantes de la libre Competitividad-.\u00a0<\/i><i>Pero Competitividad por la Calidad y por la Arquitectura como expresi\u00f3n cultural.\u00a0<\/i><i>Valores, ambos, irrenunciables; no negociables &#8230;\/&#8230;\u00a0<\/i><\/span><\/p>\n<p style=\"text-align: justify; padding-left: 30px;\"><i style=\"font-family: Verdana;\">&#8230;\/&#8230; Dec\u00eda Unamuno que hay tres clases de zapateros: \u00abEl que fabrica zapatos por dinero, el que los elabora para llegar a ser famoso y aquel que los hace para que se encuentren m\u00e1s a gusto los pies de sus clientes\u00bb.\u00a0<\/i><i style=\"font-family: Verdana;\">\u00abSolamente a \u00e9ste \u00faltimo se le echa de menos despu\u00e9s de muerto\u00bb,-conclu\u00eda-.\u00a0<\/i><i style=\"font-family: Verdana;\">V\u00e1lganos pues en esta contienda nuestra vocaci\u00f3n de ordenadores del espacio para el bienestar del hombre -pies incluidos- que no otra cosa es la Arquitectura.\u00a0<\/i><i style=\"font-family: Verdana;\">A fin de cuentas, combatir, sacrificar todo por lo que se ama, servir -la palabra m\u00e1s bella que existe-, ser por ello recordados y trascender, es lo que en verdad importa.\u00a0<\/i><i style=\"font-family: Verdana;\">Va en ello nuestra raz\u00f3n de ser.\u00bb<\/i><\/p>\n<p style=\"text-align: justify;\"><span style=\"font-family: Verdana; font-size: 9px;\">Fuente: <a title=\"blogdelaunion\" href=\"http:\/\/http:\/\/uaaap.blogspot.com.es\/\" target=\"_blank\">Blog oficial<\/a> de la Uni\u00f3n de Agrupaciones de Arquitectos de la Administraci\u00f3n P\u00fablica.<\/span><\/p>\n","protected":false},"excerpt":{"rendered":"<p>Corren tiempos dif\u00edciles para la profesi\u00f3n de arquitecto. A los efectos devastadores de la crisis econ\u00f3mica y financiera que nos envuelve, se suman ahora las pretensiones perversas del legislador con coartada liberal.<\/p>\n","protected":false},"author":3,"featured_media":1146,"comment_status":"open","ping_status":"closed","sticky":false,"template":"","format":"standard","meta":{"ngg_post_thumbnail":0,"footnotes":""},"categories":[8],"tags":[31,83,82],"class_list":["post-1117","post","type-post","status-publish","format-standard","has-post-thumbnail","hentry","category-reflexiones","tag-arquitectura","tag-ley-de-servicios-profesionales","tag-rafael-de-la-hoz"],"_links":{"self":[{"href":"https:\/\/saezvigueras.es\/wordpress\/index.php?rest_route=\/wp\/v2\/posts\/1117","targetHints":{"allow":["GET"]}}],"collection":[{"href":"https:\/\/saezvigueras.es\/wordpress\/index.php?rest_route=\/wp\/v2\/posts"}],"about":[{"href":"https:\/\/saezvigueras.es\/wordpress\/index.php?rest_route=\/wp\/v2\/types\/post"}],"author":[{"embeddable":true,"href":"https:\/\/saezvigueras.es\/wordpress\/index.php?rest_route=\/wp\/v2\/users\/3"}],"replies":[{"embeddable":true,"href":"https:\/\/saezvigueras.es\/wordpress\/index.php?rest_route=%2Fwp%2Fv2%2Fcomments&post=1117"}],"version-history":[{"count":39,"href":"https:\/\/saezvigueras.es\/wordpress\/index.php?rest_route=\/wp\/v2\/posts\/1117\/revisions"}],"predecessor-version":[{"id":1256,"href":"https:\/\/saezvigueras.es\/wordpress\/index.php?rest_route=\/wp\/v2\/posts\/1117\/revisions\/1256"}],"wp:featuredmedia":[{"embeddable":true,"href":"https:\/\/saezvigueras.es\/wordpress\/index.php?rest_route=\/wp\/v2\/media\/1146"}],"wp:attachment":[{"href":"https:\/\/saezvigueras.es\/wordpress\/index.php?rest_route=%2Fwp%2Fv2%2Fmedia&parent=1117"}],"wp:term":[{"taxonomy":"category","embeddable":true,"href":"https:\/\/saezvigueras.es\/wordpress\/index.php?rest_route=%2Fwp%2Fv2%2Fcategories&post=1117"},{"taxonomy":"post_tag","embeddable":true,"href":"https:\/\/saezvigueras.es\/wordpress\/index.php?rest_route=%2Fwp%2Fv2%2Ftags&post=1117"}],"curies":[{"name":"wp","href":"https:\/\/api.w.org\/{rel}","templated":true}]}}